{"id":50178,"date":"2023-07-26T10:42:26","date_gmt":"2023-07-26T10:42:26","guid":{"rendered":"https:\/\/www2.lehner-stylit.com\/weihnachtsdeko-rot-weiss-2\/"},"modified":"2025-02-20T19:21:49","modified_gmt":"2025-02-20T17:21:49","slug":"salad-and-herb-pot-designs","status":"publish","type":"post","link":"https:\/\/www.lehner-stylit.com\/en\/salat-und-kraeutertoepfe-gestalten\/","title":{"rendered":"Designing salad and herb pots"},"content":{"rendered":"\t\t<div data-elementor-type=\"wp-post\" data-elementor-id=\"50178\" class=\"elementor elementor-50178\" data-elementor-post-type=\"post\">\n\t\t\t\t<div class=\"elementor-element elementor-element-b4b5170 thegem-e-con-layout-elementor e-flex e-con-boxed e-con e-parent\" data-id=\"b4b5170\" data-element_type=\"container\" data-e-type=\"container\" data-settings=\"{&quot;thegem_container_layout&quot;:&quot;elementor&quot;}\">\r\n\t\t\t\t\t<div class=\"e-con-inner\">\r\n\t\t\t\t<div class=\"elementor-element elementor-element-2e7c468 uael-heading-align-left elementor-widget__width-initial flex-horizontal-align-default flex-horizontal-align-tablet-default flex-horizontal-align-mobile-default flex-vertical-align-default flex-vertical-align-tablet-default flex-vertical-align-mobile-default elementor-widget elementor-widget-uael-advanced-heading\" data-id=\"2e7c468\" data-element_type=\"widget\" data-e-type=\"widget\" data-widget_type=\"uael-advanced-heading.default\">\n\t\t\t\t<div class=\"elementor-widget-container\">\n\t\t\t\t\t\n\t\t<div class=\"uael-module-content uael-heading-wrapper\">\n\t\t\t\t\t\t<div class=\"uael-module-content uael-separator-parent\">\n\t\t\t\t\t\t\t\t\t\t\t\t\t<div class=\"uael-separator\"><\/div>\n\t\t\t\t\t\t\t<\/div>\n\t\t\t\t\t\t\n\t\t\t<h2 class=\"uael-heading\">\n\t\t\t\t\t\t\t\t\t\t<span class=\"uael-heading-text elementor-inline-editing uael-size--default\" data-elementor-setting-key=\"heading_title\" data-elementor-inline-editing-toolbar=\"basic\">Pfl\u00fccksalat im Topf<\/span>\n\t\t\t\t\t\t\t<\/h2>\n\n\t\t\t\n\t\t\t\n\t\t\t\n\t\t\t\t\t\t<\/div>\n\t\t\t\t\t\t<\/div>\n\t\t\t\t<\/div>\n\t\t\t\t<div class=\"elementor-element elementor-element-f78bfc2 elementor-widget__width-initial flex-horizontal-align-default flex-horizontal-align-tablet-default flex-horizontal-align-mobile-default flex-vertical-align-default flex-vertical-align-tablet-default flex-vertical-align-mobile-default elementor-widget elementor-widget-text-editor\" data-id=\"f78bfc2\" data-element_type=\"widget\" data-e-type=\"widget\" data-widget_type=\"text-editor.default\">\n\t\t\t\t<div class=\"elementor-widget-container\">\n\t\t\t\t\t\t\t\t\t\t\t\t<div class=\"elementor-text-editor elementor-clearfix\">\r\n\t\t\t\t\t\t<p>Der Pfl\u00fccksalat erscheint in dem mit grauem \u00abRAW\u00bb-Filz ummantelten Topf besonders originell verpackt. Der urspr\u00fcngliche Filz mit Bastfasern verleiht eine<b> rustikale Note<\/b> und das Holzelement betont den nat\u00fcrlichen Charme zus\u00e4tzlich.&nbsp;<\/p>\n<p>Der <strong>nat\u00fcrliche Filz mit Bastfasern<\/strong> verschafft der kreativen Gestaltung des Topfes einen originellen und nat\u00fcrlichen Charme, durch den subtil eingearbeiteten Bast. Jan-Dirk hat den ummantelten Topf in eine <strong>Glasschale<\/strong> platziert. So kann beim Gie\u00dfen nichts daneben gehen und die nat\u00fcrliche und lockere Optik des Filzes wird nicht durch Plastik-Untersetzer gest\u00f6rt.<\/p>\t\t\t\t\t\t\t<\/div>\r\n\t\t\t\t\t\t\t\t\t\t<\/div>\n\t\t\t\t<\/div>\n\t\t\t\t\t<\/div>\n\t\t\t\t<\/div>\n\t\t<div class=\"elementor-element elementor-element-89337f6 thegem-e-con-layout-elementor e-flex e-con-boxed e-con e-parent\" data-id=\"89337f6\" data-element_type=\"container\" data-e-type=\"container\" data-settings=\"{&quot;thegem_container_layout&quot;:&quot;elementor&quot;}\">\r\n\t\t\t\t\t<div class=\"e-con-inner\">\r\n\t\t\t\t<div class=\"elementor-element elementor-element-1caec8a flex-horizontal-align-default flex-horizontal-align-tablet-default flex-horizontal-align-mobile-default flex-vertical-align-default flex-vertical-align-tablet-default flex-vertical-align-mobile-default elementor-widget elementor-widget-gallery\" data-id=\"1caec8a\" data-element_type=\"widget\" data-e-type=\"widget\" data-settings=\"{&quot;gallery_layout&quot;:&quot;masonry&quot;,&quot;columns_mobile&quot;:2,&quot;lazyload&quot;:&quot;yes&quot;,&quot;columns&quot;:4,&quot;columns_tablet&quot;:2,&quot;gap&quot;:{&quot;unit&quot;:&quot;px&quot;,&quot;size&quot;:10,&quot;sizes&quot;:[]},&quot;gap_tablet&quot;:{&quot;unit&quot;:&quot;px&quot;,&quot;size&quot;:10,&quot;sizes&quot;:[]},&quot;gap_mobile&quot;:{&quot;unit&quot;:&quot;px&quot;,&quot;size&quot;:10,&quot;sizes&quot;:[]},&quot;link_to&quot;:&quot;file&quot;,&quot;overlay_background&quot;:&quot;yes&quot;,&quot;content_hover_animation&quot;:&quot;fade-in&quot;}\" data-widget_type=\"gallery.default\">\n\t\t\t\t<div class=\"elementor-widget-container\">\n\t\t\t\t\t\t\t<div class=\"elementor-gallery__container\">\n\t\t\t\t\t\t\t<a class=\"e-gallery-item elementor-gallery-item elementor-animated-content\" href=\"https:\/\/www.lehner-stylit.com\/wp-content\/uploads\/2024\/07\/01-pfluecksalat-im-topf.jpg\" data-elementor-open-lightbox=\"yes\" data-elementor-lightbox-slideshow=\"1caec8a\" data-elementor-lightbox-title=\"Pfl\u00fccksalat im Topf\" data-e-action-hash=\"#elementor-action%3Aaction%3Dlightbox%26settings%3DeyJpZCI6NTAxODQsInVybCI6Imh0dHBzOlwvXC93d3cubGVobmVyLXN0eWxpdC5jb21cL3dwLWNvbnRlbnRcL3VwbG9hZHNcLzIwMjRcLzA3XC8wMS1wZmx1ZWNrc2FsYXQtaW0tdG9wZi5qcGciLCJzbGlkZXNob3ciOiIxY2FlYzhhIn0%3D\">\n\t\t\t\t\t<div class=\"e-gallery-image elementor-gallery-item__image\" data-thumbnail=\"https:\/\/www.lehner-stylit.com\/wp-content\/uploads\/2024\/07\/01-pfluecksalat-im-topf-290x300.jpg\" data-width=\"290\" data-height=\"300\" aria-label=\"Pfl\u00fccksalat im Topf\" role=\"img\" ><\/div>\n\t\t\t\t\t\t\t\t\t\t\t<div class=\"elementor-gallery-item__overlay\"><\/div>\n\t\t\t\t\t\t\t\t\t\t\t\t\t\t<\/a>\n\t\t\t\t\t\t\t<a class=\"e-gallery-item elementor-gallery-item elementor-animated-content\" href=\"https:\/\/www.lehner-stylit.com\/wp-content\/uploads\/2024\/07\/pfluecksalat.jpg\" data-elementor-open-lightbox=\"yes\" data-elementor-lightbox-slideshow=\"1caec8a\" data-elementor-lightbox-title=\"Pfl\u00fccksalat\" data-e-action-hash=\"#elementor-action%3Aaction%3Dlightbox%26settings%3DeyJpZCI6NTAxODcsInVybCI6Imh0dHBzOlwvXC93d3cubGVobmVyLXN0eWxpdC5jb21cL3dwLWNvbnRlbnRcL3VwbG9hZHNcLzIwMjRcLzA3XC9wZmx1ZWNrc2FsYXQuanBnIiwic2xpZGVzaG93IjoiMWNhZWM4YSJ9\">\n\t\t\t\t\t<div class=\"e-gallery-image elementor-gallery-item__image\" data-thumbnail=\"https:\/\/www.lehner-stylit.com\/wp-content\/uploads\/2024\/07\/pfluecksalat.jpg\" data-width=\"262\" data-height=\"262\" aria-label=\"Pfl\u00fccksalat\" role=\"img\" ><\/div>\n\t\t\t\t\t\t\t\t\t\t\t<div class=\"elementor-gallery-item__overlay\"><\/div>\n\t\t\t\t\t\t\t\t\t\t\t\t\t\t<\/a>\n\t\t\t\t\t\t\t<a class=\"e-gallery-item elementor-gallery-item elementor-animated-content\" href=\"https:\/\/www.lehner-stylit.com\/wp-content\/uploads\/2024\/07\/02-pfluecksalat-wollfilz.jpg\" data-elementor-open-lightbox=\"yes\" data-elementor-lightbox-slideshow=\"1caec8a\" data-elementor-lightbox-title=\"Pfl\u00fccksalat mit Wollfilz\" data-e-action-hash=\"#elementor-action%3Aaction%3Dlightbox%26settings%3DeyJpZCI6NTAxODUsInVybCI6Imh0dHBzOlwvXC93d3cubGVobmVyLXN0eWxpdC5jb21cL3dwLWNvbnRlbnRcL3VwbG9hZHNcLzIwMjRcLzA3XC8wMi1wZmx1ZWNrc2FsYXQtd29sbGZpbHouanBnIiwic2xpZGVzaG93IjoiMWNhZWM4YSJ9\">\n\t\t\t\t\t<div class=\"e-gallery-image elementor-gallery-item__image\" data-thumbnail=\"https:\/\/www.lehner-stylit.com\/wp-content\/uploads\/2024\/07\/02-pfluecksalat-wollfilz-290x300.jpg\" data-width=\"290\" data-height=\"300\" aria-label=\"Pfl\u00fccksalat mit Wollfilz\" role=\"img\" ><\/div>\n\t\t\t\t\t\t\t\t\t\t\t<div class=\"elementor-gallery-item__overlay\"><\/div>\n\t\t\t\t\t\t\t\t\t\t\t\t\t\t<\/a>\n\t\t\t\t\t\t\t<a class=\"e-gallery-item elementor-gallery-item elementor-animated-content\" href=\"https:\/\/www.lehner-stylit.com\/wp-content\/uploads\/2024\/07\/03-filz-glasschale.jpg\" data-elementor-open-lightbox=\"yes\" data-elementor-lightbox-slideshow=\"1caec8a\" data-elementor-lightbox-title=\"Glasschale als Untersetzer\" data-e-action-hash=\"#elementor-action%3Aaction%3Dlightbox%26settings%3DeyJpZCI6NTAxODYsInVybCI6Imh0dHBzOlwvXC93d3cubGVobmVyLXN0eWxpdC5jb21cL3dwLWNvbnRlbnRcL3VwbG9hZHNcLzIwMjRcLzA3XC8wMy1maWx6LWdsYXNzY2hhbGUuanBnIiwic2xpZGVzaG93IjoiMWNhZWM4YSJ9\">\n\t\t\t\t\t<div class=\"e-gallery-image elementor-gallery-item__image\" data-thumbnail=\"https:\/\/www.lehner-stylit.com\/wp-content\/uploads\/2024\/07\/03-filz-glasschale-290x300.jpg\" data-width=\"290\" data-height=\"300\" aria-label=\"Glasschale als Untersetzer\" role=\"img\" ><\/div>\n\t\t\t\t\t\t\t\t\t\t\t<div class=\"elementor-gallery-item__overlay\"><\/div>\n\t\t\t\t\t\t\t\t\t\t\t\t\t\t<\/a>\n\t\t\t\t\t<\/div>\n\t\t\t\t\t<\/div>\n\t\t\t\t<\/div>\n\t\t\t\t\t<\/div>\n\t\t\t\t<\/div>\n\t\t<div class=\"elementor-element elementor-element-e3b965f thegem-e-con-layout-elementor e-flex e-con-boxed e-con e-parent\" data-id=\"e3b965f\" data-element_type=\"container\" data-e-type=\"container\" data-settings=\"{&quot;thegem_container_layout&quot;:&quot;elementor&quot;}\">\r\n\t\t\t\t\t<div class=\"e-con-inner\">\r\n\t\t\t\t<div class=\"elementor-element elementor-element-013b5ac uael-heading-align-left elementor-widget__width-initial flex-horizontal-align-default flex-horizontal-align-tablet-default flex-horizontal-align-mobile-default flex-vertical-align-default flex-vertical-align-tablet-default flex-vertical-align-mobile-default elementor-widget elementor-widget-uael-advanced-heading\" data-id=\"013b5ac\" data-element_type=\"widget\" data-e-type=\"widget\" data-widget_type=\"uael-advanced-heading.default\">\n\t\t\t\t<div class=\"elementor-widget-container\">\n\t\t\t\t\t\n\t\t<div class=\"uael-module-content uael-heading-wrapper\">\n\t\t\t\t\t\t<div class=\"uael-module-content uael-separator-parent\">\n\t\t\t\t\t\t\t\t\t\t\t\t\t<div class=\"uael-separator\"><\/div>\n\t\t\t\t\t\t\t<\/div>\n\t\t\t\t\t\t\n\t\t\t<h2 class=\"uael-heading\">\n\t\t\t\t\t\t\t\t\t\t<span class=\"uael-heading-text elementor-inline-editing uael-size--default\" data-elementor-setting-key=\"heading_title\" data-elementor-inline-editing-toolbar=\"basic\">Kr\u00e4utergarten im Topf<\/span>\n\t\t\t\t\t\t\t<\/h2>\n\n\t\t\t\n\t\t\t\n\t\t\t\n\t\t\t\t\t\t<\/div>\n\t\t\t\t\t\t<\/div>\n\t\t\t\t<\/div>\n\t\t\t\t<div class=\"elementor-element elementor-element-aaf65c9 elementor-widget__width-initial flex-horizontal-align-default flex-horizontal-align-tablet-default flex-horizontal-align-mobile-default flex-vertical-align-default flex-vertical-align-tablet-default flex-vertical-align-mobile-default elementor-widget elementor-widget-text-editor\" data-id=\"aaf65c9\" data-element_type=\"widget\" data-e-type=\"widget\" data-widget_type=\"text-editor.default\">\n\t\t\t\t<div class=\"elementor-widget-container\">\n\t\t\t\t\t\t\t\t\t\t\t\t<div class=\"elementor-text-editor elementor-clearfix\">\r\n\t\t\t\t\t\t<p>Dieser Kr\u00e4utertopf ist eine wahre Augenweide. Der graue-gr\u00fcne Topf bildet eine harmonische Einheit mit dem Pfl\u00fccksalat-Topf. Diese handgefertigte Kreation vereint geschickt <strong>Naturmaterialien und kreative Gestaltung<\/strong> zu einem attraktiven Werkst\u00fcck, das ein Blickfang ist.<\/p><p>Jan-Dirk hat geschickt<strong> Salbei und Rosmarin<\/strong> eingetopft, wobei er zwischen den beiden Kr\u00e4utern einen <strong>bezaubernden kleinen Gartenzaun<\/strong> platziert hat. Die Holzst\u00fccke, naturbelassen mit Rinde, sind durch Bast und einer STYLIT-Wollkordel kunstvoll zusammengehalten. Dieses liebevoll gestaltete Trennelement verleiht dem Arrangement einen zus\u00e4tzlichen rustikalen Charme.<\/p>\t\t\t\t\t\t\t<\/div>\r\n\t\t\t\t\t\t\t\t\t\t<\/div>\n\t\t\t\t<\/div>\n\t\t\t\t\t<\/div>\n\t\t\t\t<\/div>\n\t\t<div class=\"elementor-element elementor-element-637556b thegem-e-con-layout-elementor e-flex e-con-boxed e-con e-parent\" data-id=\"637556b\" data-element_type=\"container\" data-e-type=\"container\" data-settings=\"{&quot;thegem_container_layout&quot;:&quot;elementor&quot;}\">\r\n\t\t\t\t\t<div class=\"e-con-inner\">\r\n\t\t\t\t<div class=\"elementor-element elementor-element-6206697 flex-horizontal-align-default flex-horizontal-align-tablet-default flex-horizontal-align-mobile-default flex-vertical-align-default flex-vertical-align-tablet-default flex-vertical-align-mobile-default elementor-widget elementor-widget-gallery\" data-id=\"6206697\" data-element_type=\"widget\" data-e-type=\"widget\" data-settings=\"{&quot;gallery_layout&quot;:&quot;masonry&quot;,&quot;columns_mobile&quot;:2,&quot;lazyload&quot;:&quot;yes&quot;,&quot;columns&quot;:4,&quot;columns_tablet&quot;:2,&quot;gap&quot;:{&quot;unit&quot;:&quot;px&quot;,&quot;size&quot;:10,&quot;sizes&quot;:[]},&quot;gap_tablet&quot;:{&quot;unit&quot;:&quot;px&quot;,&quot;size&quot;:10,&quot;sizes&quot;:[]},&quot;gap_mobile&quot;:{&quot;unit&quot;:&quot;px&quot;,&quot;size&quot;:10,&quot;sizes&quot;:[]},&quot;link_to&quot;:&quot;file&quot;,&quot;overlay_background&quot;:&quot;yes&quot;,&quot;content_hover_animation&quot;:&quot;fade-in&quot;}\" data-widget_type=\"gallery.default\">\n\t\t\t\t<div class=\"elementor-widget-container\">\n\t\t\t\t\t\t\t<div class=\"elementor-gallery__container\">\n\t\t\t\t\t\t\t<a class=\"e-gallery-item elementor-gallery-item elementor-animated-content\" href=\"https:\/\/www.lehner-stylit.com\/wp-content\/uploads\/2024\/07\/01-kraeutertopf_1.jpg\" data-elementor-open-lightbox=\"yes\" data-elementor-lightbox-slideshow=\"6206697\" data-elementor-lightbox-title=\"Kr\u00e4utertopf\" data-e-action-hash=\"#elementor-action%3Aaction%3Dlightbox%26settings%3DeyJpZCI6NTAxOTEsInVybCI6Imh0dHBzOlwvXC93d3cubGVobmVyLXN0eWxpdC5jb21cL3dwLWNvbnRlbnRcL3VwbG9hZHNcLzIwMjRcLzA3XC8wMS1rcmFldXRlcnRvcGZfMS5qcGciLCJzbGlkZXNob3ciOiI2MjA2Njk3In0%3D\">\n\t\t\t\t\t<div class=\"e-gallery-image elementor-gallery-item__image\" data-thumbnail=\"https:\/\/www.lehner-stylit.com\/wp-content\/uploads\/2024\/07\/01-kraeutertopf_1-290x300.jpg\" data-width=\"290\" data-height=\"300\" aria-label=\"Kr\u00e4utertopf\" role=\"img\" ><\/div>\n\t\t\t\t\t\t\t\t\t\t\t<div class=\"elementor-gallery-item__overlay\"><\/div>\n\t\t\t\t\t\t\t\t\t\t\t\t\t\t<\/a>\n\t\t\t\t\t\t\t<a class=\"e-gallery-item elementor-gallery-item elementor-animated-content\" href=\"https:\/\/www.lehner-stylit.com\/wp-content\/uploads\/2024\/07\/salbei.jpg\" data-elementor-open-lightbox=\"yes\" data-elementor-lightbox-slideshow=\"6206697\" data-elementor-lightbox-title=\"Salbei\" data-e-action-hash=\"#elementor-action%3Aaction%3Dlightbox%26settings%3DeyJpZCI6NTAxOTQsInVybCI6Imh0dHBzOlwvXC93d3cubGVobmVyLXN0eWxpdC5jb21cL3dwLWNvbnRlbnRcL3VwbG9hZHNcLzIwMjRcLzA3XC9zYWxiZWkuanBnIiwic2xpZGVzaG93IjoiNjIwNjY5NyJ9\">\n\t\t\t\t\t<div class=\"e-gallery-image elementor-gallery-item__image\" data-thumbnail=\"https:\/\/www.lehner-stylit.com\/wp-content\/uploads\/2024\/07\/salbei.jpg\" data-width=\"262\" data-height=\"262\" aria-label=\"Salbei\" role=\"img\" ><\/div>\n\t\t\t\t\t\t\t\t\t\t\t<div class=\"elementor-gallery-item__overlay\"><\/div>\n\t\t\t\t\t\t\t\t\t\t\t\t\t\t<\/a>\n\t\t\t\t\t\t\t<a class=\"e-gallery-item elementor-gallery-item elementor-animated-content\" href=\"https:\/\/www.lehner-stylit.com\/wp-content\/uploads\/2024\/07\/02-krauetertopf-zaun.jpg\" data-elementor-open-lightbox=\"yes\" data-elementor-lightbox-slideshow=\"6206697\" data-elementor-lightbox-title=\"Zaum im Kr\u00e4utertopf\" data-e-action-hash=\"#elementor-action%3Aaction%3Dlightbox%26settings%3DeyJpZCI6NTAxOTIsInVybCI6Imh0dHBzOlwvXC93d3cubGVobmVyLXN0eWxpdC5jb21cL3dwLWNvbnRlbnRcL3VwbG9hZHNcLzIwMjRcLzA3XC8wMi1rcmF1ZXRlcnRvcGYtemF1bi5qcGciLCJzbGlkZXNob3ciOiI2MjA2Njk3In0%3D\">\n\t\t\t\t\t<div class=\"e-gallery-image elementor-gallery-item__image\" data-thumbnail=\"https:\/\/www.lehner-stylit.com\/wp-content\/uploads\/2024\/07\/02-krauetertopf-zaun-290x300.jpg\" data-width=\"290\" data-height=\"300\" aria-label=\"Zaum im Kr\u00e4utertopf\" role=\"img\" ><\/div>\n\t\t\t\t\t\t\t\t\t\t\t<div class=\"elementor-gallery-item__overlay\"><\/div>\n\t\t\t\t\t\t\t\t\t\t\t\t\t\t<\/a>\n\t\t\t\t\t\t\t<a class=\"e-gallery-item elementor-gallery-item elementor-animated-content\" href=\"https:\/\/www.lehner-stylit.com\/wp-content\/uploads\/2024\/07\/rosmarin.jpg\" data-elementor-open-lightbox=\"yes\" data-elementor-lightbox-slideshow=\"6206697\" data-elementor-lightbox-title=\"Rosmarin\" data-e-action-hash=\"#elementor-action%3Aaction%3Dlightbox%26settings%3DeyJpZCI6NTAxOTMsInVybCI6Imh0dHBzOlwvXC93d3cubGVobmVyLXN0eWxpdC5jb21cL3dwLWNvbnRlbnRcL3VwbG9hZHNcLzIwMjRcLzA3XC9yb3NtYXJpbi5qcGciLCJzbGlkZXNob3ciOiI2MjA2Njk3In0%3D\">\n\t\t\t\t\t<div class=\"e-gallery-image elementor-gallery-item__image\" data-thumbnail=\"https:\/\/www.lehner-stylit.com\/wp-content\/uploads\/2024\/07\/rosmarin.jpg\" data-width=\"262\" data-height=\"262\" aria-label=\"Rosmarin\" role=\"img\" ><\/div>\n\t\t\t\t\t\t\t\t\t\t\t<div class=\"elementor-gallery-item__overlay\"><\/div>\n\t\t\t\t\t\t\t\t\t\t\t\t\t\t<\/a>\n\t\t\t\t\t<\/div>\n\t\t\t\t\t<\/div>\n\t\t\t\t<\/div>\n\t\t\t\t\t<\/div>\n\t\t\t\t<\/div>\n\t\t<div class=\"elementor-element elementor-element-1afd1e3a e-con-full thegem-e-con-layout-elementor e-flex e-con e-parent\" data-id=\"1afd1e3a\" data-element_type=\"container\" data-e-type=\"container\" data-settings=\"{&quot;thegem_container_layout&quot;:&quot;elementor&quot;}\">\r\n\t\t\t\t<div class=\"elementor-element elementor-element-0a741bd uael-heading-align-left elementor-widget__width-initial flex-horizontal-align-default flex-horizontal-align-tablet-default flex-horizontal-align-mobile-default flex-vertical-align-default flex-vertical-align-tablet-default flex-vertical-align-mobile-default elementor-widget elementor-widget-uael-advanced-heading\" data-id=\"0a741bd\" data-element_type=\"widget\" data-e-type=\"widget\" data-widget_type=\"uael-advanced-heading.default\">\n\t\t\t\t<div class=\"elementor-widget-container\">\n\t\t\t\t\t\n\t\t<div class=\"uael-module-content uael-heading-wrapper\">\n\t\t\t\t\t\t<div class=\"uael-module-content uael-separator-parent\">\n\t\t\t\t\t\t\t\t\t\t\t\t\t<div class=\"uael-separator\"><\/div>\n\t\t\t\t\t\t\t<\/div>\n\t\t\t\t\t\t\n\t\t\t<h2 class=\"uael-heading\">\n\t\t\t\t\t\t\t\t\t\t<span class=\"uael-heading-text elementor-inline-editing uael-size--default\" data-elementor-setting-key=\"heading_title\" data-elementor-inline-editing-toolbar=\"basic\">Farbwelt Filze, Kordeln und Pflanzen<\/span>\n\t\t\t\t\t\t\t<\/h2>\n\n\t\t\t\n\t\t\t\n\t\t\t\n\t\t\t\t\t\t<\/div>\n\t\t\t\t\t\t<\/div>\n\t\t\t\t<\/div>\n\t\t<div class=\"elementor-element elementor-element-b7686d1 e-con-full thegem-e-con-layout-elementor e-flex e-con e-child\" data-id=\"b7686d1\" data-element_type=\"container\" data-e-type=\"container\" data-settings=\"{&quot;thegem_container_layout&quot;:&quot;elementor&quot;}\">\r\n\t\t<div class=\"elementor-element elementor-element-7535c804 e-con-full thegem-e-con-layout-elementor e-flex e-con e-child\" data-id=\"7535c804\" data-element_type=\"container\" data-e-type=\"container\" data-settings=\"{&quot;thegem_container_layout&quot;:&quot;elementor&quot;}\">\r\n\t\t<div class=\"elementor-element elementor-element-4c85486c e-con-full colorpicker-item-color thegem-e-con-layout-elementor e-flex e-con e-child\" data-id=\"4c85486c\" data-element_type=\"container\" data-e-type=\"container\" data-settings=\"{&quot;background_background&quot;:&quot;classic&quot;,&quot;thegem_container_layout&quot;:&quot;elementor&quot;}\">\r\n\t\t\t\t<\/div>\n\t\t\t\t<div class=\"elementor-element elementor-element-544b2be2 flex-horizontal-align-default flex-horizontal-align-tablet-default flex-horizontal-align-mobile-default flex-vertical-align-default flex-vertical-align-tablet-default flex-vertical-align-mobile-default elementor-widget elementor-widget-text-editor\" data-id=\"544b2be2\" data-element_type=\"widget\" data-e-type=\"widget\" data-widget_type=\"text-editor.default\">\n\t\t\t\t<div class=\"elementor-widget-container\">\n\t\t\t\t\t\t\t\t\t\t\t\t<div class=\"elementor-text-editor elementor-clearfix\">\r\n\t\t\t\t\t\t<p>Eisengrau GR43<\/p>\t\t\t\t\t\t\t<\/div>\r\n\t\t\t\t\t\t\t\t\t\t<\/div>\n\t\t\t\t<\/div>\n\t\t\t\t<\/div>\n\t\t<div class=\"elementor-element elementor-element-50cb1aec e-con-full thegem-e-con-layout-elementor e-flex e-con e-child\" data-id=\"50cb1aec\" data-element_type=\"container\" data-e-type=\"container\" data-settings=\"{&quot;thegem_container_layout&quot;:&quot;elementor&quot;}\">\r\n\t\t<div class=\"elementor-element elementor-element-6b4e25eb e-con-full colorpicker-item-color thegem-e-con-layout-elementor e-flex e-con e-child\" data-id=\"6b4e25eb\" data-element_type=\"container\" data-e-type=\"container\" data-settings=\"{&quot;background_background&quot;:&quot;classic&quot;,&quot;thegem_container_layout&quot;:&quot;elementor&quot;}\">\r\n\t\t\t\t<\/div>\n\t\t\t\t<div class=\"elementor-element elementor-element-5b585c12 flex-horizontal-align-default flex-horizontal-align-tablet-default flex-horizontal-align-mobile-default flex-vertical-align-default flex-vertical-align-tablet-default flex-vertical-align-mobile-default elementor-widget elementor-widget-text-editor\" data-id=\"5b585c12\" data-element_type=\"widget\" data-e-type=\"widget\" data-widget_type=\"text-editor.default\">\n\t\t\t\t<div class=\"elementor-widget-container\">\n\t\t\t\t\t\t\t\t\t\t\t\t<div class=\"elementor-text-editor elementor-clearfix\">\r\n\t\t\t\t\t\t<p>Bast und Jute<\/p>\t\t\t\t\t\t\t<\/div>\r\n\t\t\t\t\t\t\t\t\t\t<\/div>\n\t\t\t\t<\/div>\n\t\t\t\t<\/div>\n\t\t<div class=\"elementor-element elementor-element-147038a e-con-full thegem-e-con-layout-elementor e-flex e-con e-child\" data-id=\"147038a\" data-element_type=\"container\" data-e-type=\"container\" data-settings=\"{&quot;thegem_container_layout&quot;:&quot;elementor&quot;}\">\r\n\t\t<div class=\"elementor-element elementor-element-608443a e-con-full colorpicker-item-color thegem-e-con-layout-elementor e-flex e-con e-child\" data-id=\"608443a\" data-element_type=\"container\" data-e-type=\"container\" data-settings=\"{&quot;background_background&quot;:&quot;classic&quot;,&quot;thegem_container_layout&quot;:&quot;elementor&quot;}\">\r\n\t\t\t\t<\/div>\n\t\t\t\t<div class=\"elementor-element elementor-element-51778c4 flex-horizontal-align-default flex-horizontal-align-tablet-default flex-horizontal-align-mobile-default flex-vertical-align-default flex-vertical-align-tablet-default flex-vertical-align-mobile-default elementor-widget elementor-widget-text-editor\" data-id=\"51778c4\" data-element_type=\"widget\" data-e-type=\"widget\" data-widget_type=\"text-editor.default\">\n\t\t\t\t<div class=\"elementor-widget-container\">\n\t\t\t\t\t\t\t\t\t\t\t\t<div class=\"elementor-text-editor elementor-clearfix\">\r\n\t\t\t\t\t\t<p>Holz<\/p>\t\t\t\t\t\t\t<\/div>\r\n\t\t\t\t\t\t\t\t\t\t<\/div>\n\t\t\t\t<\/div>\n\t\t\t\t<\/div>\n\t\t<div class=\"elementor-element elementor-element-8f8bf7f e-con-full thegem-e-con-layout-elementor e-flex e-con e-child\" data-id=\"8f8bf7f\" data-element_type=\"container\" data-e-type=\"container\" data-settings=\"{&quot;thegem_container_layout&quot;:&quot;elementor&quot;}\">\r\n\t\t<div class=\"elementor-element elementor-element-f8000bc e-con-full colorpicker-item-color thegem-e-con-layout-elementor e-flex e-con e-child\" data-id=\"f8000bc\" data-element_type=\"container\" data-e-type=\"container\" data-settings=\"{&quot;background_background&quot;:&quot;classic&quot;,&quot;thegem_container_layout&quot;:&quot;elementor&quot;}\">\r\n\t\t\t\t<\/div>\n\t\t\t\t<div class=\"elementor-element elementor-element-df1f315 flex-horizontal-align-default flex-horizontal-align-tablet-default flex-horizontal-align-mobile-default flex-vertical-align-default flex-vertical-align-tablet-default flex-vertical-align-mobile-default elementor-widget elementor-widget-text-editor\" data-id=\"df1f315\" data-element_type=\"widget\" data-e-type=\"widget\" data-widget_type=\"text-editor.default\">\n\t\t\t\t<div class=\"elementor-widget-container\">\n\t\t\t\t\t\t\t\t\t\t\t\t<div class=\"elementor-text-editor elementor-clearfix\">\r\n\t\t\t\t\t\t<p>Salat und Kr\u00e4uter<\/p>\t\t\t\t\t\t\t<\/div>\r\n\t\t\t\t\t\t\t\t\t\t<\/div>\n\t\t\t\t<\/div>\n\t\t\t\t<\/div>\n\t\t\t\t<\/div>\n\t\t\t\t<div class=\"elementor-element elementor-element-6d18fb99 elementor-widget__width-initial flex-horizontal-align-default flex-horizontal-align-tablet-default flex-horizontal-align-mobile-default flex-vertical-align-default flex-vertical-align-tablet-default flex-vertical-align-mobile-default elementor-widget elementor-widget-text-editor\" data-id=\"6d18fb99\" data-element_type=\"widget\" data-e-type=\"widget\" data-widget_type=\"text-editor.default\">\n\t\t\t\t<div class=\"elementor-widget-container\">\n\t\t\t\t\t\t\t\t\t\t\t\t<div class=\"elementor-text-editor elementor-clearfix\">\r\n\t\t\t\t\t\t<p>Die Werkst\u00fccke zeichnen sich durch eine nat\u00fcrliche Farbwelt aus, die das Rustikale und Urspr\u00fcngliche ideal verk\u00f6rpert. Das\u00a0<strong>Eisengrau\u00a0<\/strong>des \u00abRAW\u00bb-Filzes verleiht den T\u00f6pfen eine\u00a0<strong>robuste und dennoch elegante Note<\/strong>, w\u00e4hrend die\u00a0<strong>Naturt\u00f6ne\u00a0<\/strong>von\u00a0<strong>Bast und Jute<\/strong>\u00a0einen Hauch von\u00a0<strong>Authentizit\u00e4t\u00a0<\/strong>hinzuf\u00fcgen.<\/p><p class=\"no-margin-bottom\">Das\u00a0<strong>Braun der Holzelemente<\/strong>\u00a0in Hell und Dunkel verst\u00e4rkt den\u00a0<strong>nat\u00fcrlichen Charakter der Arrangements<\/strong>\u00a0und verbindet sich\u00a0<strong>harmonisch mit dem frischen Gr\u00fcn der Kr\u00e4uter und Pflanzen<\/strong>. Diese ausgewogene Kombination von Werkstoffen und Farben schafft eine einladende Atmosph\u00e4re, die das Gef\u00fchl von<strong>\u00a0Natur und Urspr\u00fcnglichkeit<\/strong>\u00a0in den Vordergrund r\u00fcckt. Jeder Topf kann und soll immer etwas anders wirken und ist so ein Unikat, das die Sch\u00f6nheit der Natur auf stilvolle Weise hervorhebt.<\/p>\t\t\t\t\t\t\t<\/div>\r\n\t\t\t\t\t\t\t\t\t\t<\/div>\n\t\t\t\t<\/div>\n\t\t\t\t<\/div>\n\t\t<div class=\"elementor-element elementor-element-f549ade thegem-e-con-layout-elementor e-flex e-con-boxed e-con e-parent\" data-id=\"f549ade\" data-element_type=\"container\" data-e-type=\"container\" data-settings=\"{&quot;thegem_container_layout&quot;:&quot;elementor&quot;}\">\r\n\t\t\t\t\t<div class=\"e-con-inner\">\r\n\t\t\t\t<div class=\"elementor-element elementor-element-062d477 uael-heading-align-left elementor-widget__width-initial flex-horizontal-align-default flex-horizontal-align-tablet-default flex-horizontal-align-mobile-default flex-vertical-align-default flex-vertical-align-tablet-default flex-vertical-align-mobile-default elementor-widget elementor-widget-uael-advanced-heading\" data-id=\"062d477\" data-element_type=\"widget\" data-e-type=\"widget\" data-widget_type=\"uael-advanced-heading.default\">\n\t\t\t\t<div class=\"elementor-widget-container\">\n\t\t\t\t\t\n\t\t<div class=\"uael-module-content uael-heading-wrapper\">\n\t\t\t\t\t\t<div class=\"uael-module-content uael-separator-parent\">\n\t\t\t\t\t\t\t\t\t\t\t\t\t<div class=\"uael-separator\"><\/div>\n\t\t\t\t\t\t\t<\/div>\n\t\t\t\t\t\t\n\t\t\t<h2 class=\"uael-heading\">\n\t\t\t\t\t\t\t\t\t\t<span class=\"uael-heading-text elementor-inline-editing uael-size--default\" data-elementor-setting-key=\"heading_title\" data-elementor-inline-editing-toolbar=\"basic\">Designer<\/span>\n\t\t\t\t\t\t\t<\/h2>\n\n\t\t\t\n\t\t\t\n\t\t\t\n\t\t\t\t\t\t<\/div>\n\t\t\t\t\t\t<\/div>\n\t\t\t\t<\/div>\n\t\t\t\t<div class=\"elementor-element elementor-element-bc27439 elementor-widget__width-initial flex-horizontal-align-default flex-horizontal-align-tablet-default flex-horizontal-align-mobile-default flex-vertical-align-default flex-vertical-align-tablet-default flex-vertical-align-mobile-default elementor-widget elementor-widget-thegem-team\" data-id=\"bc27439\" data-element_type=\"widget\" data-e-type=\"widget\" data-settings=\"{&quot;columns&quot;:&quot;1&quot;,&quot;items_count&quot;:1,&quot;content_team_cat&quot;:[&quot;jan-dirk-von-hollen&quot;],&quot;content_elems_descript&quot;:&quot;yes&quot;,&quot;thegem_elementor_preset&quot;:&quot;2&quot;,&quot;columns_tablet&quot;:&quot;1&quot;,&quot;skin_source&quot;:&quot;default&quot;,&quot;columns_mobile&quot;:1,&quot;content_elems_img&quot;:&quot;yes&quot;,&quot;content_elems_name&quot;:&quot;yes&quot;,&quot;content_elems_social&quot;:&quot;yes&quot;}\" data-widget_type=\"thegem-team.default\">\n\t\t\t\t<div class=\"elementor-widget-container\">\n\t\t\t\t\t\r\n\t\t\t<div class=\"row gem-team gem-team-style-2 \" >\r\n\r\n\t\t\t\t<div class=\"col-md-12 col-sm-12 col-xs-12 thegem-wrap inline-column\">\r\n\r\n\t<div id=\"post-44621\" class=\"team-person bordered-box post-44621 thegem_team_person type-thegem_team_person status-publish has-post-thumbnail\" >\r\n\r\n\t\t<div class=\"team-person-box clearfix team-person-box-columns\">\r\n\r\n\t\t\t\t\t\t\t<div class=\"team-person-box-left\">\r\n\t\t\t\t\t<div class=\"team-person-image\">\r\n\t\t\t\t\t<span><img width=\"240\" height=\"240\" src=\"https:\/\/www.lehner-stylit.com\/wp-content\/uploads\/2024\/07\/jan-dirk-von-hollen-lm-3577-thegem-person-240.png\" class=\"img-responsive wp-post-image\" alt=\"Jan-Dirk von Hollen\" srcset=\"https:\/\/www.lehner-stylit.com\/wp-content\/uploads\/2024\/07\/jan-dirk-von-hollen-lm-3577-thegem-person.png 2x\" sizes=\"100vw\" \/><\/span>\t\t\t\t\t<\/div>\r\n\t\t\t\t<\/div>\r\n\t\t\t\r\n\t\t\t<div class=\"team-person-box-right\">\r\n\r\n\t\t\t\t<div class=\"team-person-info\">\r\n\r\n\t\t\t\t\t\t\t\t\t\t\t<div class=\"team-person-name title-h4\" ><span class=\"light\">Jan-Dirk von Hollen<\/span><\/div>\t\t\t\t\t\r\n\t\t\t\t\t\r\n\t\t\t\t\t\t\t\t\t\t\t<div class=\"team-person-description\"><p>Jan-Dirk von Hollen ist ein talentierter Floristen-Meister mit einer Leidenschaft f\u00fcr die Gestaltung floraler Arrangements. Mit seiner kreativen Herangehensweise und seinem Sinn f\u00fcr \u00c4sthetik schafft er es in seinen Kompositionen, die Sch\u00f6nheit der Natur einzufangen.<\/p>\n<p>Jan-Dirk nutzt seit vielen Jahren unsere hochwertigen STYLIT-Schafwollprodukte in seiner floristischen Arbeit, da sie eine nat\u00fcrliche und stilvolle Erg\u00e4nzung in seinen Werkst\u00fccken darstellen.<\/p>\n<\/div>\r\n\t\t\t\t\t\r\n\t\t\t\t\t\r\n\t\t\t\t\t\r\n\t\t\t\t<\/div>\r\n\r\n\t\t\t\t\r\n\t\t\t<\/div>\r\n\r\n\t\t\t\r\n\t\t<\/div>\r\n\t<\/div>\r\n\r\n<\/div>\r\n\t\t\t<\/div>\r\n\r\n\t\t\t\t\t\t<\/div>\n\t\t\t\t<\/div>\n\t\t\t\t\t<\/div>\n\t\t\t\t<\/div>\n\t\t\t\t<\/div>\n\t\t","protected":false},"excerpt":{"rendered":"<p>Florist Jan-Dirk von Hollen makes a trendy statement in the presentation of herbs and plucked salads: He uses sheep's wool felt, woollen cords, raffia, jute and wooden elements to create stylish, rustic containers. A sustainable and natural solution for every garden centre and for all domestic balconies and windowsills.<\/p>","protected":false},"author":14,"featured_media":50177,"comment_status":"closed","ping_status":"closed","sticky":false,"template":"","format":"standard","meta":{"footnotes":""},"categories":[232,267],"tags":[219,225],"class_list":{"0":"post-50178","1":"post","2":"type-post","3":"status-publish","4":"format-standard","5":"has-post-thumbnail","7":"category-sommer-und-gartendeko","8":"category-x-gallery","9":"tag-gefaess","10":"tag-werkstueck"},"yoast_head":"<!-- This site is optimized with the Yoast SEO plugin v28.3 - https:\/\/yoast.com\/product\/yoast-seo-wordpress\/ -->\n<title>Salat- und Kr\u00e4utert\u00f6pfe gestalten | STYLIT<\/title>\n<meta name=\"description\" content=\"Au\u00dfergew\u00f6hnliche Pfl\u00fccksalat- und Kr\u00e4utert\u00f6pfe in rustikal-elegant. Inspiration f\u00fcr jeden Balkon und jedes Gartencenter.\" \/>\n<meta name=\"robots\" content=\"index, follow, max-snippet:-1, max-image-preview:large, max-video-preview:-1\" \/>\n<link rel=\"canonical\" href=\"https:\/\/www.lehner-stylit.com\/en\/salad-and-herb-pot-designs\/\" \/>\n<meta property=\"og:locale\" content=\"en_GB\" \/>\n<meta property=\"og:type\" content=\"article\" \/>\n<meta property=\"og:title\" content=\"Salat- und Kr\u00e4utert\u00f6pfe gestalten | STYLIT\" \/>\n<meta property=\"og:description\" content=\"Au\u00dfergew\u00f6hnliche Pfl\u00fccksalat- und Kr\u00e4utert\u00f6pfe in rustikal-elegant. Inspiration f\u00fcr jeden Balkon und jedes Gartencenter.\" \/>\n<meta property=\"og:url\" content=\"https:\/\/www.lehner-stylit.com\/en\/salad-and-herb-pot-designs\/\" \/>\n<meta property=\"og:site_name\" content=\"www.lehner-stylit.com\" \/>\n<meta property=\"article:publisher\" content=\"https:\/\/www.facebook.com\/lehnerstylit\" \/>\n<meta property=\"article:published_time\" content=\"2023-07-26T10:42:26+00:00\" \/>\n<meta property=\"article:modified_time\" content=\"2025-02-20T17:21:49+00:00\" \/>\n<meta property=\"og:image\" content=\"https:\/\/www.lehner-stylit.com\/wp-content\/uploads\/2024\/08\/diy-salat-und-kraeutertopf.jpg\" \/>\n\t<meta property=\"og:image:width\" content=\"380\" \/>\n\t<meta property=\"og:image:height\" content=\"580\" \/>\n\t<meta property=\"og:image:type\" content=\"image\/jpeg\" \/>\n<meta name=\"author\" content=\"digital\" \/>\n<meta name=\"twitter:card\" content=\"summary_large_image\" \/>\n<meta name=\"twitter:label1\" content=\"Written by\" \/>\n\t<meta name=\"twitter:data1\" content=\"digital\" \/>\n\t<meta name=\"twitter:label2\" content=\"Estimated reading time\" \/>\n\t<meta name=\"twitter:data2\" content=\"3 minutes\" \/>\n<script type=\"application\/ld+json\" class=\"yoast-schema-graph\">{\"@context\":\"https:\\\/\\\/schema.org\",\"@graph\":[{\"@type\":\"Article\",\"@id\":\"https:\\\/\\\/www.lehner-stylit.com\\\/salat-und-kraeutertoepfe-gestalten\\\/#article\",\"isPartOf\":{\"@id\":\"https:\\\/\\\/www.lehner-stylit.com\\\/salat-und-kraeutertoepfe-gestalten\\\/\"},\"author\":{\"name\":\"digital\",\"@id\":\"https:\\\/\\\/www.lehner-stylit.com\\\/de\\\/#\\\/schema\\\/person\\\/d09b6458c889fc489669b805ec91b7e1\"},\"headline\":\"Salat- und Kr\u00e4utert\u00f6pfe gestalten\",\"datePublished\":\"2023-07-26T10:42:26+00:00\",\"dateModified\":\"2025-02-20T17:21:49+00:00\",\"mainEntityOfPage\":{\"@id\":\"https:\\\/\\\/www.lehner-stylit.com\\\/salat-und-kraeutertoepfe-gestalten\\\/\"},\"wordCount\":402,\"publisher\":{\"@id\":\"https:\\\/\\\/www.lehner-stylit.com\\\/de\\\/#organization\"},\"image\":{\"@id\":\"https:\\\/\\\/www.lehner-stylit.com\\\/salat-und-kraeutertoepfe-gestalten\\\/#primaryimage\"},\"thumbnailUrl\":\"https:\\\/\\\/www.lehner-stylit.com\\\/wp-content\\\/uploads\\\/2024\\\/08\\\/diy-salat-und-kraeutertopf.jpg\",\"keywords\":[\"Gef\u00e4\u00df\",\"Werkst\u00fcck\"],\"articleSection\":[\"05 Sommer\",\"X GALLERY\"],\"inLanguage\":\"en-GB\"},{\"@type\":\"WebPage\",\"@id\":\"https:\\\/\\\/www.lehner-stylit.com\\\/salat-und-kraeutertoepfe-gestalten\\\/\",\"url\":\"https:\\\/\\\/www.lehner-stylit.com\\\/salat-und-kraeutertoepfe-gestalten\\\/\",\"name\":\"Salat- und Kr\u00e4utert\u00f6pfe gestalten | STYLIT\",\"isPartOf\":{\"@id\":\"https:\\\/\\\/www.lehner-stylit.com\\\/de\\\/#website\"},\"primaryImageOfPage\":{\"@id\":\"https:\\\/\\\/www.lehner-stylit.com\\\/salat-und-kraeutertoepfe-gestalten\\\/#primaryimage\"},\"image\":{\"@id\":\"https:\\\/\\\/www.lehner-stylit.com\\\/salat-und-kraeutertoepfe-gestalten\\\/#primaryimage\"},\"thumbnailUrl\":\"https:\\\/\\\/www.lehner-stylit.com\\\/wp-content\\\/uploads\\\/2024\\\/08\\\/diy-salat-und-kraeutertopf.jpg\",\"datePublished\":\"2023-07-26T10:42:26+00:00\",\"dateModified\":\"2025-02-20T17:21:49+00:00\",\"description\":\"Au\u00dfergew\u00f6hnliche Pfl\u00fccksalat- und Kr\u00e4utert\u00f6pfe in rustikal-elegant. Inspiration f\u00fcr jeden Balkon und jedes Gartencenter.\",\"breadcrumb\":{\"@id\":\"https:\\\/\\\/www.lehner-stylit.com\\\/salat-und-kraeutertoepfe-gestalten\\\/#breadcrumb\"},\"inLanguage\":\"en-GB\",\"potentialAction\":[{\"@type\":\"ReadAction\",\"target\":[\"https:\\\/\\\/www.lehner-stylit.com\\\/salat-und-kraeutertoepfe-gestalten\\\/\"]}]},{\"@type\":\"ImageObject\",\"inLanguage\":\"en-GB\",\"@id\":\"https:\\\/\\\/www.lehner-stylit.com\\\/salat-und-kraeutertoepfe-gestalten\\\/#primaryimage\",\"url\":\"https:\\\/\\\/www.lehner-stylit.com\\\/wp-content\\\/uploads\\\/2024\\\/08\\\/diy-salat-und-kraeutertopf.jpg\",\"contentUrl\":\"https:\\\/\\\/www.lehner-stylit.com\\\/wp-content\\\/uploads\\\/2024\\\/08\\\/diy-salat-und-kraeutertopf.jpg\",\"width\":380,\"height\":580,\"caption\":\"Salat- und Kr\u00e4utertopf gestalten\"},{\"@type\":\"BreadcrumbList\",\"@id\":\"https:\\\/\\\/www.lehner-stylit.com\\\/salat-und-kraeutertoepfe-gestalten\\\/#breadcrumb\",\"itemListElement\":[{\"@type\":\"ListItem\",\"position\":1,\"name\":\"Home\",\"item\":\"https:\\\/\\\/www.lehner-stylit.com\\\/de\\\/\"},{\"@type\":\"ListItem\",\"position\":2,\"name\":\"Salat- und Kr\u00e4utert\u00f6pfe gestalten\"}]},{\"@type\":\"WebSite\",\"@id\":\"https:\\\/\\\/www.lehner-stylit.com\\\/de\\\/#website\",\"url\":\"https:\\\/\\\/www.lehner-stylit.com\\\/de\\\/\",\"name\":\"Floristik, Garten, Deko, Basteln \u2764 STYLIT von Lehner Wolle\",\"description\":\"\",\"publisher\":{\"@id\":\"https:\\\/\\\/www.lehner-stylit.com\\\/de\\\/#organization\"},\"potentialAction\":[{\"@type\":\"SearchAction\",\"target\":{\"@type\":\"EntryPoint\",\"urlTemplate\":\"https:\\\/\\\/www.lehner-stylit.com\\\/de\\\/?s={search_term_string}\"},\"query-input\":{\"@type\":\"PropertyValueSpecification\",\"valueRequired\":true,\"valueName\":\"search_term_string\"}}],\"inLanguage\":\"en-GB\"},{\"@type\":\"Organization\",\"@id\":\"https:\\\/\\\/www.lehner-stylit.com\\\/de\\\/#organization\",\"name\":\"STYLIT von Lehner Wolle\",\"url\":\"https:\\\/\\\/www.lehner-stylit.com\\\/de\\\/\",\"logo\":{\"@type\":\"ImageObject\",\"inLanguage\":\"en-GB\",\"@id\":\"https:\\\/\\\/www.lehner-stylit.com\\\/de\\\/#\\\/schema\\\/logo\\\/image\\\/\",\"url\":\"https:\\\/\\\/www.lehner-stylit.com\\\/wp-content\\\/uploads\\\/2024\\\/06\\\/logo-stylit.svg\",\"contentUrl\":\"https:\\\/\\\/www.lehner-stylit.com\\\/wp-content\\\/uploads\\\/2024\\\/06\\\/logo-stylit.svg\",\"width\":109,\"height\":100,\"caption\":\"STYLIT von Lehner Wolle\"},\"image\":{\"@id\":\"https:\\\/\\\/www.lehner-stylit.com\\\/de\\\/#\\\/schema\\\/logo\\\/image\\\/\"},\"sameAs\":[\"https:\\\/\\\/www.facebook.com\\\/lehnerstylit\",\"https:\\\/\\\/www.youtube.com\\\/playlist?list=PLJjo5yD6-BvoeCrCwzWYMMGM6xuvU1pG2\",\"https:\\\/\\\/www.instagram.com\\\/lehnerstylit\\\/\",\"https:\\\/\\\/www.pinterest.de\\\/lehnerstylit\\\/\"]},{\"@type\":\"Person\",\"@id\":\"https:\\\/\\\/www.lehner-stylit.com\\\/de\\\/#\\\/schema\\\/person\\\/d09b6458c889fc489669b805ec91b7e1\",\"name\":\"digital\"}]}<\/script>\n<!-- \/ Yoast SEO plugin. -->","yoast_head_json":{"title":"Designing salad and herb pots | STYLIT","description":"Exceptional rustic-elegant lettuce and herb pots. Inspiration for every balcony and garden centre.","robots":{"index":"index","follow":"follow","max-snippet":"max-snippet:-1","max-image-preview":"max-image-preview:large","max-video-preview":"max-video-preview:-1"},"canonical":"https:\/\/www.lehner-stylit.com\/en\/salad-and-herb-pot-designs\/","og_locale":"en_GB","og_type":"article","og_title":"Salat- und Kr\u00e4utert\u00f6pfe gestalten | STYLIT","og_description":"Au\u00dfergew\u00f6hnliche Pfl\u00fccksalat- und Kr\u00e4utert\u00f6pfe in rustikal-elegant. Inspiration f\u00fcr jeden Balkon und jedes Gartencenter.","og_url":"https:\/\/www.lehner-stylit.com\/en\/salad-and-herb-pot-designs\/","og_site_name":"www.lehner-stylit.com","article_publisher":"https:\/\/www.facebook.com\/lehnerstylit","article_published_time":"2023-07-26T10:42:26+00:00","article_modified_time":"2025-02-20T17:21:49+00:00","og_image":[{"width":380,"height":580,"url":"https:\/\/www.lehner-stylit.com\/wp-content\/uploads\/2024\/08\/diy-salat-und-kraeutertopf.jpg","type":"image\/jpeg"}],"author":"digital","twitter_card":"summary_large_image","twitter_misc":{"Written by":"digital","Estimated reading time":"3 minutes"},"schema":{"@context":"https:\/\/schema.org","@graph":[{"@type":"Article","@id":"https:\/\/www.lehner-stylit.com\/salat-und-kraeutertoepfe-gestalten\/#article","isPartOf":{"@id":"https:\/\/www.lehner-stylit.com\/salat-und-kraeutertoepfe-gestalten\/"},"author":{"name":"digital","@id":"https:\/\/www.lehner-stylit.com\/de\/#\/schema\/person\/d09b6458c889fc489669b805ec91b7e1"},"headline":"Salat- und Kr\u00e4utert\u00f6pfe gestalten","datePublished":"2023-07-26T10:42:26+00:00","dateModified":"2025-02-20T17:21:49+00:00","mainEntityOfPage":{"@id":"https:\/\/www.lehner-stylit.com\/salat-und-kraeutertoepfe-gestalten\/"},"wordCount":402,"publisher":{"@id":"https:\/\/www.lehner-stylit.com\/de\/#organization"},"image":{"@id":"https:\/\/www.lehner-stylit.com\/salat-und-kraeutertoepfe-gestalten\/#primaryimage"},"thumbnailUrl":"https:\/\/www.lehner-stylit.com\/wp-content\/uploads\/2024\/08\/diy-salat-und-kraeutertopf.jpg","keywords":["Gef\u00e4\u00df","Werkst\u00fcck"],"articleSection":["05 Sommer","X GALLERY"],"inLanguage":"en-GB"},{"@type":"WebPage","@id":"https:\/\/www.lehner-stylit.com\/salat-und-kraeutertoepfe-gestalten\/","url":"https:\/\/www.lehner-stylit.com\/salat-und-kraeutertoepfe-gestalten\/","name":"Designing salad and herb pots | STYLIT","isPartOf":{"@id":"https:\/\/www.lehner-stylit.com\/de\/#website"},"primaryImageOfPage":{"@id":"https:\/\/www.lehner-stylit.com\/salat-und-kraeutertoepfe-gestalten\/#primaryimage"},"image":{"@id":"https:\/\/www.lehner-stylit.com\/salat-und-kraeutertoepfe-gestalten\/#primaryimage"},"thumbnailUrl":"https:\/\/www.lehner-stylit.com\/wp-content\/uploads\/2024\/08\/diy-salat-und-kraeutertopf.jpg","datePublished":"2023-07-26T10:42:26+00:00","dateModified":"2025-02-20T17:21:49+00:00","description":"Exceptional rustic-elegant lettuce and herb pots. Inspiration for every balcony and garden centre.","breadcrumb":{"@id":"https:\/\/www.lehner-stylit.com\/salat-und-kraeutertoepfe-gestalten\/#breadcrumb"},"inLanguage":"en-GB","potentialAction":[{"@type":"ReadAction","target":["https:\/\/www.lehner-stylit.com\/salat-und-kraeutertoepfe-gestalten\/"]}]},{"@type":"ImageObject","inLanguage":"en-GB","@id":"https:\/\/www.lehner-stylit.com\/salat-und-kraeutertoepfe-gestalten\/#primaryimage","url":"https:\/\/www.lehner-stylit.com\/wp-content\/uploads\/2024\/08\/diy-salat-und-kraeutertopf.jpg","contentUrl":"https:\/\/www.lehner-stylit.com\/wp-content\/uploads\/2024\/08\/diy-salat-und-kraeutertopf.jpg","width":380,"height":580,"caption":"Salat- und Kr\u00e4utertopf gestalten"},{"@type":"BreadcrumbList","@id":"https:\/\/www.lehner-stylit.com\/salat-und-kraeutertoepfe-gestalten\/#breadcrumb","itemListElement":[{"@type":"ListItem","position":1,"name":"Home","item":"https:\/\/www.lehner-stylit.com\/de\/"},{"@type":"ListItem","position":2,"name":"Salat- und Kr\u00e4utert\u00f6pfe gestalten"}]},{"@type":"WebSite","@id":"https:\/\/www.lehner-stylit.com\/de\/#website","url":"https:\/\/www.lehner-stylit.com\/de\/","name":"Floristry, garden, decoration, handicrafts \u2764 STYLIT by Lehner Wolle","description":"","publisher":{"@id":"https:\/\/www.lehner-stylit.com\/de\/#organization"},"potentialAction":[{"@type":"SearchAction","target":{"@type":"EntryPoint","urlTemplate":"https:\/\/www.lehner-stylit.com\/de\/?s={search_term_string}"},"query-input":{"@type":"PropertyValueSpecification","valueRequired":true,"valueName":"search_term_string"}}],"inLanguage":"en-GB"},{"@type":"Organization","@id":"https:\/\/www.lehner-stylit.com\/de\/#organization","name":"STYLIT from Lehner Wolle","url":"https:\/\/www.lehner-stylit.com\/de\/","logo":{"@type":"ImageObject","inLanguage":"en-GB","@id":"https:\/\/www.lehner-stylit.com\/de\/#\/schema\/logo\/image\/","url":"https:\/\/www.lehner-stylit.com\/wp-content\/uploads\/2024\/06\/logo-stylit.svg","contentUrl":"https:\/\/www.lehner-stylit.com\/wp-content\/uploads\/2024\/06\/logo-stylit.svg","width":109,"height":100,"caption":"STYLIT von Lehner Wolle"},"image":{"@id":"https:\/\/www.lehner-stylit.com\/de\/#\/schema\/logo\/image\/"},"sameAs":["https:\/\/www.facebook.com\/lehnerstylit","https:\/\/www.youtube.com\/playlist?list=PLJjo5yD6-BvoeCrCwzWYMMGM6xuvU1pG2","https:\/\/www.instagram.com\/lehnerstylit\/","https:\/\/www.pinterest.de\/lehnerstylit\/"]},{"@type":"Person","@id":"https:\/\/www.lehner-stylit.com\/de\/#\/schema\/person\/d09b6458c889fc489669b805ec91b7e1","name":"digital"}]}},"menu_order":100,"_links":{"self":[{"href":"https:\/\/www.lehner-stylit.com\/en\/wp-json\/wp\/v2\/posts\/50178","targetHints":{"allow":["GET"]}}],"collection":[{"href":"https:\/\/www.lehner-stylit.com\/en\/wp-json\/wp\/v2\/posts"}],"about":[{"href":"https:\/\/www.lehner-stylit.com\/en\/wp-json\/wp\/v2\/types\/post"}],"author":[{"embeddable":true,"href":"https:\/\/www.lehner-stylit.com\/en\/wp-json\/wp\/v2\/users\/14"}],"replies":[{"embeddable":true,"href":"https:\/\/www.lehner-stylit.com\/en\/wp-json\/wp\/v2\/comments?post=50178"}],"version-history":[{"count":16,"href":"https:\/\/www.lehner-stylit.com\/en\/wp-json\/wp\/v2\/posts\/50178\/revisions"}],"predecessor-version":[{"id":50208,"href":"https:\/\/www.lehner-stylit.com\/en\/wp-json\/wp\/v2\/posts\/50178\/revisions\/50208"}],"wp:featuredmedia":[{"embeddable":true,"href":"https:\/\/www.lehner-stylit.com\/en\/wp-json\/wp\/v2\/media\/50177"}],"wp:attachment":[{"href":"https:\/\/www.lehner-stylit.com\/en\/wp-json\/wp\/v2\/media?parent=50178"}],"wp:term":[{"taxonomy":"category","embeddable":true,"href":"https:\/\/www.lehner-stylit.com\/en\/wp-json\/wp\/v2\/categories?post=50178"},{"taxonomy":"post_tag","embeddable":true,"href":"https:\/\/www.lehner-stylit.com\/en\/wp-json\/wp\/v2\/tags?post=50178"}],"curies":[{"name":"wp","href":"https:\/\/api.w.org\/{rel}","templated":true}]}}