{"id":50148,"date":"2023-11-23T10:04:53","date_gmt":"2023-11-23T10:04:53","guid":{"rendered":"https:\/\/www2.lehner-stylit.com\/valentinstag-deko-blumenherz-2\/"},"modified":"2025-02-20T19:21:48","modified_gmt":"2025-02-20T17:21:48","slug":"kerzen-deko-ideen-fuer-herbst-und-winter","status":"publish","type":"post","link":"https:\/\/www.lehner-stylit.com\/de\/kerzen-deko-ideen-fuer-herbst-und-winter\/","title":{"rendered":"Kerzen Deko Ideen f\u00fcr Herbst und Winter"},"content":{"rendered":"\t\t<div data-elementor-type=\"wp-post\" data-elementor-id=\"50148\" class=\"elementor elementor-50148\" data-elementor-post-type=\"post\">\n\t\t\t\t<div class=\"elementor-element elementor-element-31ffd433 e-con-full thegem-e-con-layout-elementor e-flex e-con e-parent\" data-id=\"31ffd433\" data-element_type=\"container\" data-e-type=\"container\" data-settings=\"{&quot;thegem_container_layout&quot;:&quot;elementor&quot;}\">\r\n\t\t<div class=\"elementor-element elementor-element-d93cb5c e-con-full thegem-e-con-layout-elementor e-flex e-con e-child\" data-id=\"d93cb5c\" data-element_type=\"container\" data-e-type=\"container\" data-settings=\"{&quot;thegem_container_layout&quot;:&quot;elementor&quot;}\">\r\n\t\t\t\t<div class=\"elementor-element elementor-element-7fff227c elementor-widget__width-initial flex-horizontal-align-default flex-horizontal-align-tablet-default flex-horizontal-align-mobile-default flex-vertical-align-default flex-vertical-align-tablet-default flex-vertical-align-mobile-default elementor-invisible elementor-widget elementor-widget-heading\" data-id=\"7fff227c\" data-element_type=\"widget\" data-e-type=\"widget\" data-settings=\"{&quot;_animation&quot;:&quot;fadeInUp&quot;}\" data-widget_type=\"heading.default\">\n\t\t\t\t<div class=\"elementor-widget-container\">\n\t\t\t\t\t<h5 class=\"elementor-heading-title elementor-size-default\">Kerze im Glas mit Lichterkranz<\/h5>\t\t\t\t<\/div>\n\t\t\t\t<\/div>\n\t\t\t\t<div class=\"elementor-element elementor-element-1763945f elementor-widget-divider--view-line flex-horizontal-align-default flex-horizontal-align-tablet-default flex-horizontal-align-mobile-default flex-vertical-align-default flex-vertical-align-tablet-default flex-vertical-align-mobile-default elementor-widget elementor-widget-divider\" data-id=\"1763945f\" data-element_type=\"widget\" data-e-type=\"widget\" data-widget_type=\"divider.default\">\n\t\t\t\t<div class=\"elementor-widget-container\">\n\t\t\t\t\t\t\t<div class=\"elementor-divider\">\n\t\t\t<span class=\"elementor-divider-separator\">\n\t\t\t\t\t\t<\/span>\n\t\t<\/div>\n\t\t\t\t\t\t<\/div>\n\t\t\t\t<\/div>\n\t\t\t\t<div class=\"elementor-element elementor-element-2c0bbe07 elementor-widget__width-initial elementor-widget-tablet__width-inherit flex-horizontal-align-default flex-horizontal-align-tablet-default flex-horizontal-align-mobile-default flex-vertical-align-default flex-vertical-align-tablet-default flex-vertical-align-mobile-default elementor-invisible elementor-widget elementor-widget-text-editor\" data-id=\"2c0bbe07\" data-element_type=\"widget\" data-e-type=\"widget\" data-settings=\"{&quot;_animation&quot;:&quot;fadeInUp&quot;}\" data-widget_type=\"text-editor.default\">\n\t\t\t\t<div class=\"elementor-widget-container\">\n\t\t\t\t\t\t\t\t\t\t\t\t<div class=\"elementor-text-editor elementor-clearfix\">\r\n\t\t\t\t\t\t<p>Das von Bettina von Hollen gestaltete Werkst\u00fcck strahlt in seiner Eleganz und vorweihnachtlichen Pracht. Ein silbernes Drahtgeflecht bildet die Grundlage, in das Bettina eine Lichterkette mit zarten LED-L\u00e4mpchen und Holzsternen eingeflochten hat. Das ganze Arrangement wird von der goldenen, glitzernden Draht-Kordel \u00abDochtfaden Glimmer\u00bb umwickelt und verziert. Das Windlicht hat Bettina mittig platziert und alles auf zwei Metalltellern platziert. Ein eleganter Vorweihnachtsbote.\u00a0| Bild: J\u00f6rg Manegold<\/p>\t\t\t\t\t\t\t<\/div>\r\n\t\t\t\t\t\t\t\t\t\t<\/div>\n\t\t\t\t<\/div>\n\t\t\t\t<\/div>\n\t\t<div class=\"elementor-element elementor-element-2b6bf06c e-con-full thegem-e-con-layout-elementor e-flex e-con e-child\" data-id=\"2b6bf06c\" data-element_type=\"container\" data-e-type=\"container\" data-settings=\"{&quot;thegem_container_layout&quot;:&quot;elementor&quot;}\">\r\n\t\t\t\t<div class=\"elementor-element elementor-element-3f5c7160 flex-horizontal-align-default flex-horizontal-align-tablet-default flex-horizontal-align-mobile-default flex-vertical-align-default flex-vertical-align-tablet-default flex-vertical-align-mobile-default elementor-widget elementor-widget-thegem-styledimage\" data-id=\"3f5c7160\" data-element_type=\"widget\" data-e-type=\"widget\" data-settings=\"{&quot;image&quot;:{&quot;url&quot;:&quot;https:\\\/\\\/www2.lehner-stylit.com\\\/wp-content\\\/uploads\\\/sites\\\/11\\\/2023\\\/11\\\/kerze-im-glas.jpg&quot;,&quot;id&quot;:50158,&quot;size&quot;:&quot;&quot;,&quot;alt&quot;:&quot;Kerze im Glas&quot;,&quot;source&quot;:&quot;library&quot;},&quot;image_position&quot;:&quot;right&quot;,&quot;_animation&quot;:&quot;none&quot;,&quot;thegem_elementor_preset&quot;:&quot;default&quot;}\" data-widget_type=\"thegem-styledimage.default\">\n\t\t\t\t<div class=\"elementor-widget-container\">\n\t\t\t\t\t\n<div class=\"styled-image-wrapper\">\n\t\t\t<div class=\"gem-image gem-wrapbox gem-wrapbox-default gem-wrapbox-position-right  \">\n\t\t\t<div class=\"gem-wrapbox-inner \" >\n\t\t\t\t\t\t\t\t\t<img class=\"gem-wrapbox-element img-responsive \"\n\t\t\t\t\t\t src=\"https:\/\/www.lehner-stylit.com\/wp-content\/uploads\/2023\/11\/kerze-im-glas.jpg\"\n\t\t\t\t\t\t alt=\"Kerze im Glas\">\n\t\t\t\t\t\t\t\t<\/div>\n\t\t<\/div>\n\t\t<\/div>\n\n\n\t\n\t\t\t\t\t\t<\/div>\n\t\t\t\t<\/div>\n\t\t\t\t<\/div>\n\t\t\t\t<\/div>\n\t\t<div class=\"elementor-element elementor-element-49cc8f88 e-con-full thegem-e-con-layout-elementor e-flex e-con e-parent\" data-id=\"49cc8f88\" data-element_type=\"container\" data-e-type=\"container\" data-settings=\"{&quot;thegem_container_layout&quot;:&quot;elementor&quot;}\">\r\n\t\t<div class=\"elementor-element elementor-element-7fc1cb57 e-con-full thegem-e-con-layout-elementor e-flex e-con e-child\" data-id=\"7fc1cb57\" data-element_type=\"container\" data-e-type=\"container\" data-settings=\"{&quot;thegem_container_layout&quot;:&quot;elementor&quot;}\">\r\n\t\t\t\t<div class=\"elementor-element elementor-element-7e2a49d3 flex-horizontal-align-default flex-horizontal-align-tablet-default flex-horizontal-align-mobile-default flex-vertical-align-default flex-vertical-align-tablet-default flex-vertical-align-mobile-default elementor-widget elementor-widget-thegem-styledimage\" data-id=\"7e2a49d3\" data-element_type=\"widget\" data-e-type=\"widget\" data-settings=\"{&quot;image&quot;:{&quot;url&quot;:&quot;https:\\\/\\\/www2.lehner-stylit.com\\\/wp-content\\\/uploads\\\/sites\\\/11\\\/2023\\\/11\\\/kerzenleuchter-4-kerzen_2.jpg&quot;,&quot;id&quot;:50163,&quot;size&quot;:&quot;&quot;,&quot;alt&quot;:&quot;Kerzenleuchter mit Glamour&quot;,&quot;source&quot;:&quot;library&quot;},&quot;_animation&quot;:&quot;none&quot;,&quot;thegem_elementor_preset&quot;:&quot;default&quot;,&quot;image_position&quot;:&quot;left&quot;}\" data-widget_type=\"thegem-styledimage.default\">\n\t\t\t\t<div class=\"elementor-widget-container\">\n\t\t\t\t\t\n<div class=\"styled-image-wrapper\">\n\t\t\t<div class=\"gem-image gem-wrapbox gem-wrapbox-default gem-wrapbox-position-left  \">\n\t\t\t<div class=\"gem-wrapbox-inner \" >\n\t\t\t\t\t\t\t\t\t<img class=\"gem-wrapbox-element img-responsive \"\n\t\t\t\t\t\t src=\"https:\/\/www.lehner-stylit.com\/wp-content\/uploads\/2023\/11\/kerzenleuchter-4-kerzen_2.jpg\"\n\t\t\t\t\t\t alt=\"Kerzenleuchter mit Glamour\">\n\t\t\t\t\t\t\t\t<\/div>\n\t\t<\/div>\n\t\t<\/div>\n\n\n\t\n\t\t\t\t\t\t<\/div>\n\t\t\t\t<\/div>\n\t\t\t\t<\/div>\n\t\t<div class=\"elementor-element elementor-element-443d8600 e-con-full e-transform e-transform e-transform e-transform thegem-e-con-layout-elementor e-flex e-con e-child\" data-id=\"443d8600\" data-element_type=\"container\" data-e-type=\"container\" data-settings=\"{&quot;thegem_container_layout&quot;:&quot;elementor&quot;,&quot;_transform_rotateZ_effect&quot;:{&quot;unit&quot;:&quot;px&quot;,&quot;size&quot;:&quot;&quot;,&quot;sizes&quot;:[]},&quot;_transform_rotateZ_effect_tablet&quot;:{&quot;unit&quot;:&quot;deg&quot;,&quot;size&quot;:&quot;&quot;,&quot;sizes&quot;:[]},&quot;_transform_rotateZ_effect_mobile&quot;:{&quot;unit&quot;:&quot;deg&quot;,&quot;size&quot;:&quot;&quot;,&quot;sizes&quot;:[]},&quot;_transform_translateX_effect&quot;:{&quot;unit&quot;:&quot;px&quot;,&quot;size&quot;:&quot;&quot;,&quot;sizes&quot;:[]},&quot;_transform_translateX_effect_tablet&quot;:{&quot;unit&quot;:&quot;px&quot;,&quot;size&quot;:&quot;&quot;,&quot;sizes&quot;:[]},&quot;_transform_translateX_effect_mobile&quot;:{&quot;unit&quot;:&quot;px&quot;,&quot;size&quot;:&quot;&quot;,&quot;sizes&quot;:[]},&quot;_transform_translateY_effect&quot;:{&quot;unit&quot;:&quot;px&quot;,&quot;size&quot;:&quot;&quot;,&quot;sizes&quot;:[]},&quot;_transform_translateY_effect_tablet&quot;:{&quot;unit&quot;:&quot;px&quot;,&quot;size&quot;:&quot;&quot;,&quot;sizes&quot;:[]},&quot;_transform_translateY_effect_mobile&quot;:{&quot;unit&quot;:&quot;px&quot;,&quot;size&quot;:&quot;&quot;,&quot;sizes&quot;:[]},&quot;_transform_scale_effect&quot;:{&quot;unit&quot;:&quot;px&quot;,&quot;size&quot;:&quot;&quot;,&quot;sizes&quot;:[]},&quot;_transform_scale_effect_tablet&quot;:{&quot;unit&quot;:&quot;px&quot;,&quot;size&quot;:&quot;&quot;,&quot;sizes&quot;:[]},&quot;_transform_scale_effect_mobile&quot;:{&quot;unit&quot;:&quot;px&quot;,&quot;size&quot;:&quot;&quot;,&quot;sizes&quot;:[]},&quot;_transform_skewX_effect&quot;:{&quot;unit&quot;:&quot;px&quot;,&quot;size&quot;:&quot;&quot;,&quot;sizes&quot;:[]},&quot;_transform_skewX_effect_tablet&quot;:{&quot;unit&quot;:&quot;deg&quot;,&quot;size&quot;:&quot;&quot;,&quot;sizes&quot;:[]},&quot;_transform_skewX_effect_mobile&quot;:{&quot;unit&quot;:&quot;deg&quot;,&quot;size&quot;:&quot;&quot;,&quot;sizes&quot;:[]},&quot;_transform_skewY_effect&quot;:{&quot;unit&quot;:&quot;px&quot;,&quot;size&quot;:&quot;&quot;,&quot;sizes&quot;:[]},&quot;_transform_skewY_effect_tablet&quot;:{&quot;unit&quot;:&quot;deg&quot;,&quot;size&quot;:&quot;&quot;,&quot;sizes&quot;:[]},&quot;_transform_skewY_effect_mobile&quot;:{&quot;unit&quot;:&quot;deg&quot;,&quot;size&quot;:&quot;&quot;,&quot;sizes&quot;:[]}}\">\r\n\t\t\t\t<div class=\"elementor-element elementor-element-3377f1be elementor-widget__width-initial flex-horizontal-align-default flex-horizontal-align-tablet-default flex-horizontal-align-mobile-default flex-vertical-align-default flex-vertical-align-tablet-default flex-vertical-align-mobile-default elementor-invisible elementor-widget elementor-widget-heading\" data-id=\"3377f1be\" data-element_type=\"widget\" data-e-type=\"widget\" data-settings=\"{&quot;_animation&quot;:&quot;fadeInUp&quot;}\" data-widget_type=\"heading.default\">\n\t\t\t\t<div class=\"elementor-widget-container\">\n\t\t\t\t\t<h5 class=\"elementor-heading-title elementor-size-default\">Kerzenleuchter mit Glamour<\/h5>\t\t\t\t<\/div>\n\t\t\t\t<\/div>\n\t\t\t\t<div class=\"elementor-element elementor-element-68a0f895 elementor-widget-divider--view-line flex-horizontal-align-default flex-horizontal-align-tablet-default flex-horizontal-align-mobile-default flex-vertical-align-default flex-vertical-align-tablet-default flex-vertical-align-mobile-default elementor-widget elementor-widget-divider\" data-id=\"68a0f895\" data-element_type=\"widget\" data-e-type=\"widget\" data-widget_type=\"divider.default\">\n\t\t\t\t<div class=\"elementor-widget-container\">\n\t\t\t\t\t\t\t<div class=\"elementor-divider\">\n\t\t\t<span class=\"elementor-divider-separator\">\n\t\t\t\t\t\t<\/span>\n\t\t<\/div>\n\t\t\t\t\t\t<\/div>\n\t\t\t\t<\/div>\n\t\t\t\t<div class=\"elementor-element elementor-element-899a530 elementor-widget__width-initial elementor-widget-tablet__width-inherit e-transform e-transform e-transform e-transform flex-horizontal-align-default flex-horizontal-align-tablet-default flex-horizontal-align-mobile-default flex-vertical-align-default flex-vertical-align-tablet-default flex-vertical-align-mobile-default elementor-invisible elementor-widget elementor-widget-text-editor\" data-id=\"899a530\" data-element_type=\"widget\" data-e-type=\"widget\" data-settings=\"{&quot;_animation&quot;:&quot;fadeInUp&quot;,&quot;_transform_rotateZ_effect&quot;:{&quot;unit&quot;:&quot;px&quot;,&quot;size&quot;:&quot;&quot;,&quot;sizes&quot;:[]},&quot;_transform_rotateZ_effect_tablet&quot;:{&quot;unit&quot;:&quot;deg&quot;,&quot;size&quot;:&quot;&quot;,&quot;sizes&quot;:[]},&quot;_transform_rotateZ_effect_mobile&quot;:{&quot;unit&quot;:&quot;deg&quot;,&quot;size&quot;:&quot;&quot;,&quot;sizes&quot;:[]},&quot;_transform_translateX_effect&quot;:{&quot;unit&quot;:&quot;px&quot;,&quot;size&quot;:&quot;&quot;,&quot;sizes&quot;:[]},&quot;_transform_translateX_effect_tablet&quot;:{&quot;unit&quot;:&quot;px&quot;,&quot;size&quot;:&quot;&quot;,&quot;sizes&quot;:[]},&quot;_transform_translateX_effect_mobile&quot;:{&quot;unit&quot;:&quot;px&quot;,&quot;size&quot;:&quot;&quot;,&quot;sizes&quot;:[]},&quot;_transform_translateY_effect&quot;:{&quot;unit&quot;:&quot;px&quot;,&quot;size&quot;:&quot;&quot;,&quot;sizes&quot;:[]},&quot;_transform_translateY_effect_tablet&quot;:{&quot;unit&quot;:&quot;px&quot;,&quot;size&quot;:&quot;&quot;,&quot;sizes&quot;:[]},&quot;_transform_translateY_effect_mobile&quot;:{&quot;unit&quot;:&quot;px&quot;,&quot;size&quot;:&quot;&quot;,&quot;sizes&quot;:[]},&quot;_transform_scale_effect&quot;:{&quot;unit&quot;:&quot;px&quot;,&quot;size&quot;:&quot;&quot;,&quot;sizes&quot;:[]},&quot;_transform_scale_effect_tablet&quot;:{&quot;unit&quot;:&quot;px&quot;,&quot;size&quot;:&quot;&quot;,&quot;sizes&quot;:[]},&quot;_transform_scale_effect_mobile&quot;:{&quot;unit&quot;:&quot;px&quot;,&quot;size&quot;:&quot;&quot;,&quot;sizes&quot;:[]},&quot;_transform_skewX_effect&quot;:{&quot;unit&quot;:&quot;px&quot;,&quot;size&quot;:&quot;&quot;,&quot;sizes&quot;:[]},&quot;_transform_skewX_effect_tablet&quot;:{&quot;unit&quot;:&quot;deg&quot;,&quot;size&quot;:&quot;&quot;,&quot;sizes&quot;:[]},&quot;_transform_skewX_effect_mobile&quot;:{&quot;unit&quot;:&quot;deg&quot;,&quot;size&quot;:&quot;&quot;,&quot;sizes&quot;:[]},&quot;_transform_skewY_effect&quot;:{&quot;unit&quot;:&quot;px&quot;,&quot;size&quot;:&quot;&quot;,&quot;sizes&quot;:[]},&quot;_transform_skewY_effect_tablet&quot;:{&quot;unit&quot;:&quot;deg&quot;,&quot;size&quot;:&quot;&quot;,&quot;sizes&quot;:[]},&quot;_transform_skewY_effect_mobile&quot;:{&quot;unit&quot;:&quot;deg&quot;,&quot;size&quot;:&quot;&quot;,&quot;sizes&quot;:[]}}\" data-widget_type=\"text-editor.default\">\n\t\t\t\t<div class=\"elementor-widget-container\">\n\t\t\t\t\t\t\t\t\t\t\t\t<div class=\"elementor-text-editor elementor-clearfix\">\r\n\t\t\t\t\t\t<p>In Charline Pritscaloffs Kreation verschmelzen \u00c4sthetik und Handwerkskunst. Vier Kerzen ruhen elegant in einem Metallring, umgeben von einem zauberhaften Kranz, der durch eine kunstvoll gestaltete Wollkordel-Steckvorlage in Szene gesetzt wird. Das Wollnetz umh\u00fcllt die Kerzen mit einer harmonischen Pracht aus Blumen, Bl\u00fcten und Bl\u00e4ttern in den warmen Farben des \u00abOriginal\u00bb Trends 2024, und diese Deko aus Kerzen zaubert somit eine glamour\u00f6se, festliche Atmosph\u00e4re. | Bild: Nata Shilo<\/p>\t\t\t\t\t\t\t<\/div>\r\n\t\t\t\t\t\t\t\t\t\t<\/div>\n\t\t\t\t<\/div>\n\t\t\t\t<div class=\"elementor-element elementor-element-d0129ab flex-horizontal-align-default flex-horizontal-align-tablet-default flex-horizontal-align-mobile-default flex-vertical-align-default flex-vertical-align-tablet-default flex-vertical-align-mobile-default elementor-invisible elementor-widget elementor-widget-button\" data-id=\"d0129ab\" data-element_type=\"widget\" data-e-type=\"widget\" data-settings=\"{&quot;_animation&quot;:&quot;fadeInUp&quot;}\" data-widget_type=\"button.default\">\n\t\t\t\t<div class=\"elementor-widget-container\">\n\t\t\t\t\t\t\t\t\t<div class=\"elementor-button-wrapper\">\n\t\t\t\t\t<a class=\"elementor-button elementor-button-link elementor-size-sm\" href=\"https:\/\/www.lehner-stylit.com\/de\/blumig-vertraeumter-kerzenstaender\/\">\n\t\t\t\t\t\t<span class=\"elementor-button-content-wrapper\">\n\t\t\t\t\t\t\t\t\t<span class=\"elementor-button-text\">Zur Anleitung<\/span>\n\t\t\t\t\t<\/span>\n\t\t\t\t\t<\/a>\n\t\t\t\t<\/div>\n\t\t\t\t\t\t\t\t<\/div>\n\t\t\t\t<\/div>\n\t\t\t\t<\/div>\n\t\t\t\t<\/div>\n\t\t<div class=\"elementor-element elementor-element-45989259 e-con-full thegem-e-con-layout-elementor e-flex e-con e-parent\" data-id=\"45989259\" data-element_type=\"container\" data-e-type=\"container\" data-settings=\"{&quot;thegem_container_layout&quot;:&quot;elementor&quot;}\">\r\n\t\t<div class=\"elementor-element elementor-element-d475b16 e-con-full thegem-e-con-layout-elementor e-flex e-con e-child\" data-id=\"d475b16\" data-element_type=\"container\" data-e-type=\"container\" data-settings=\"{&quot;thegem_container_layout&quot;:&quot;elementor&quot;}\">\r\n\t\t\t\t<div class=\"elementor-element elementor-element-111b268a elementor-widget__width-initial flex-horizontal-align-default flex-horizontal-align-tablet-default flex-horizontal-align-mobile-default flex-vertical-align-default flex-vertical-align-tablet-default flex-vertical-align-mobile-default elementor-invisible elementor-widget elementor-widget-heading\" data-id=\"111b268a\" data-element_type=\"widget\" data-e-type=\"widget\" data-settings=\"{&quot;_animation&quot;:&quot;fadeInUp&quot;}\" data-widget_type=\"heading.default\">\n\t\t\t\t<div class=\"elementor-widget-container\">\n\t\t\t\t\t<h5 class=\"elementor-heading-title elementor-size-default\">Retro-Charme im Kerzenlicht<\/h5>\t\t\t\t<\/div>\n\t\t\t\t<\/div>\n\t\t\t\t<div class=\"elementor-element elementor-element-7e9122c5 elementor-widget-divider--view-line flex-horizontal-align-default flex-horizontal-align-tablet-default flex-horizontal-align-mobile-default flex-vertical-align-default flex-vertical-align-tablet-default flex-vertical-align-mobile-default elementor-widget elementor-widget-divider\" data-id=\"7e9122c5\" data-element_type=\"widget\" data-e-type=\"widget\" data-widget_type=\"divider.default\">\n\t\t\t\t<div class=\"elementor-widget-container\">\n\t\t\t\t\t\t\t<div class=\"elementor-divider\">\n\t\t\t<span class=\"elementor-divider-separator\">\n\t\t\t\t\t\t<\/span>\n\t\t<\/div>\n\t\t\t\t\t\t<\/div>\n\t\t\t\t<\/div>\n\t\t\t\t<div class=\"elementor-element elementor-element-47daf323 elementor-widget__width-initial elementor-widget-tablet__width-inherit flex-horizontal-align-default flex-horizontal-align-tablet-default flex-horizontal-align-mobile-default flex-vertical-align-default flex-vertical-align-tablet-default flex-vertical-align-mobile-default elementor-invisible elementor-widget elementor-widget-text-editor\" data-id=\"47daf323\" data-element_type=\"widget\" data-e-type=\"widget\" data-settings=\"{&quot;_animation&quot;:&quot;fadeInUp&quot;}\" data-widget_type=\"text-editor.default\">\n\t\t\t\t<div class=\"elementor-widget-container\">\n\t\t\t\t\t\t\t\t\t\t\t\t<div class=\"elementor-text-editor elementor-clearfix\">\r\n\t\t\t\t\t\t<p>In Lisa Maria Thalmayrs anmutiger Kreation verschmelzen Einfachheit und Eleganz. Sie kombiniert Metall-Kerzenst\u00e4nder in verschiedenen Gr\u00f6\u00dfen und haucht ihnen Leben ein: Inspiriert von den warmen Farben des \u00abSense\u00bb-Trends 2024, umh\u00fcllt sie die St\u00e4nder mit Wollkordeln in unterschiedlichen Dicken und platziert farblich stimmige Kerzen. Das Resultat? Ein nostalgisches Arrangement, das Erinnerungen weckt und W\u00e4rme ausstrahlt. | Bild: Alex Mateiu<\/p>\t\t\t\t\t\t\t<\/div>\r\n\t\t\t\t\t\t\t\t\t\t<\/div>\n\t\t\t\t<\/div>\n\t\t\t\t<\/div>\n\t\t<div class=\"elementor-element elementor-element-7592d832 e-con-full thegem-e-con-layout-elementor e-flex e-con e-child\" data-id=\"7592d832\" data-element_type=\"container\" data-e-type=\"container\" data-settings=\"{&quot;thegem_container_layout&quot;:&quot;elementor&quot;}\">\r\n\t\t\t\t<div class=\"elementor-element elementor-element-61ffe5a3 flex-horizontal-align-default flex-horizontal-align-tablet-default flex-horizontal-align-mobile-default flex-vertical-align-default flex-vertical-align-tablet-default flex-vertical-align-mobile-default elementor-widget elementor-widget-thegem-styledimage\" data-id=\"61ffe5a3\" data-element_type=\"widget\" data-e-type=\"widget\" data-settings=\"{&quot;image&quot;:{&quot;url&quot;:&quot;https:\\\/\\\/www2.lehner-stylit.com\\\/wp-content\\\/uploads\\\/sites\\\/11\\\/2023\\\/11\\\/kerzen-deko-wohnzimmer_2.jpg&quot;,&quot;id&quot;:50162,&quot;size&quot;:&quot;&quot;,&quot;alt&quot;:&quot;Kerzen Deko Wohnzimmer&quot;,&quot;source&quot;:&quot;library&quot;},&quot;image_position&quot;:&quot;right&quot;,&quot;_animation&quot;:&quot;none&quot;,&quot;thegem_elementor_preset&quot;:&quot;default&quot;}\" data-widget_type=\"thegem-styledimage.default\">\n\t\t\t\t<div class=\"elementor-widget-container\">\n\t\t\t\t\t\n<div class=\"styled-image-wrapper\">\n\t\t\t<div class=\"gem-image gem-wrapbox gem-wrapbox-default gem-wrapbox-position-right  \">\n\t\t\t<div class=\"gem-wrapbox-inner \" >\n\t\t\t\t\t\t\t\t\t<img class=\"gem-wrapbox-element img-responsive \"\n\t\t\t\t\t\t src=\"https:\/\/www.lehner-stylit.com\/wp-content\/uploads\/2023\/11\/kerzen-deko-wohnzimmer_2.jpg\"\n\t\t\t\t\t\t alt=\"Kerzen Deko Wohnzimmer\">\n\t\t\t\t\t\t\t\t<\/div>\n\t\t<\/div>\n\t\t<\/div>\n\n\n\t\n\t\t\t\t\t\t<\/div>\n\t\t\t\t<\/div>\n\t\t\t\t<\/div>\n\t\t\t\t<\/div>\n\t\t<div class=\"elementor-element elementor-element-148ca4d5 e-con-full thegem-e-con-layout-elementor e-flex e-con e-parent\" data-id=\"148ca4d5\" data-element_type=\"container\" data-e-type=\"container\" data-settings=\"{&quot;thegem_container_layout&quot;:&quot;elementor&quot;}\">\r\n\t\t<div class=\"elementor-element elementor-element-3aae7c00 e-con-full thegem-e-con-layout-elementor e-flex e-con e-child\" data-id=\"3aae7c00\" data-element_type=\"container\" data-e-type=\"container\" data-settings=\"{&quot;thegem_container_layout&quot;:&quot;elementor&quot;}\">\r\n\t\t\t\t<div class=\"elementor-element elementor-element-fe65f50 flex-horizontal-align-default flex-horizontal-align-tablet-default flex-horizontal-align-mobile-default flex-vertical-align-default flex-vertical-align-tablet-default flex-vertical-align-mobile-default elementor-widget elementor-widget-thegem-styledimage\" data-id=\"fe65f50\" data-element_type=\"widget\" data-e-type=\"widget\" data-settings=\"{&quot;image&quot;:{&quot;url&quot;:&quot;https:\\\/\\\/www2.lehner-stylit.com\\\/wp-content\\\/uploads\\\/sites\\\/11\\\/2023\\\/11\\\/kerzen-deko-tisch.jpg&quot;,&quot;id&quot;:50161,&quot;size&quot;:&quot;&quot;,&quot;alt&quot;:&quot;Kerzen-Deko Tisch&quot;,&quot;source&quot;:&quot;library&quot;},&quot;_animation&quot;:&quot;none&quot;,&quot;thegem_elementor_preset&quot;:&quot;default&quot;,&quot;image_position&quot;:&quot;left&quot;}\" data-widget_type=\"thegem-styledimage.default\">\n\t\t\t\t<div class=\"elementor-widget-container\">\n\t\t\t\t\t\n<div class=\"styled-image-wrapper\">\n\t\t\t<div class=\"gem-image gem-wrapbox gem-wrapbox-default gem-wrapbox-position-left  \">\n\t\t\t<div class=\"gem-wrapbox-inner \" >\n\t\t\t\t\t\t\t\t\t<img class=\"gem-wrapbox-element img-responsive \"\n\t\t\t\t\t\t src=\"https:\/\/www.lehner-stylit.com\/wp-content\/uploads\/2023\/11\/kerzen-deko-tisch.jpg\"\n\t\t\t\t\t\t alt=\"Kerzen-Deko Tisch\">\n\t\t\t\t\t\t\t\t<\/div>\n\t\t<\/div>\n\t\t<\/div>\n\n\n\t\n\t\t\t\t\t\t<\/div>\n\t\t\t\t<\/div>\n\t\t\t\t<\/div>\n\t\t<div class=\"elementor-element elementor-element-4e55c2ff e-con-full e-transform e-transform e-transform e-transform thegem-e-con-layout-elementor e-flex e-con e-child\" data-id=\"4e55c2ff\" data-element_type=\"container\" data-e-type=\"container\" data-settings=\"{&quot;thegem_container_layout&quot;:&quot;elementor&quot;,&quot;_transform_rotateZ_effect&quot;:{&quot;unit&quot;:&quot;px&quot;,&quot;size&quot;:&quot;&quot;,&quot;sizes&quot;:[]},&quot;_transform_rotateZ_effect_tablet&quot;:{&quot;unit&quot;:&quot;deg&quot;,&quot;size&quot;:&quot;&quot;,&quot;sizes&quot;:[]},&quot;_transform_rotateZ_effect_mobile&quot;:{&quot;unit&quot;:&quot;deg&quot;,&quot;size&quot;:&quot;&quot;,&quot;sizes&quot;:[]},&quot;_transform_translateX_effect&quot;:{&quot;unit&quot;:&quot;px&quot;,&quot;size&quot;:&quot;&quot;,&quot;sizes&quot;:[]},&quot;_transform_translateX_effect_tablet&quot;:{&quot;unit&quot;:&quot;px&quot;,&quot;size&quot;:&quot;&quot;,&quot;sizes&quot;:[]},&quot;_transform_translateX_effect_mobile&quot;:{&quot;unit&quot;:&quot;px&quot;,&quot;size&quot;:&quot;&quot;,&quot;sizes&quot;:[]},&quot;_transform_translateY_effect&quot;:{&quot;unit&quot;:&quot;px&quot;,&quot;size&quot;:&quot;&quot;,&quot;sizes&quot;:[]},&quot;_transform_translateY_effect_tablet&quot;:{&quot;unit&quot;:&quot;px&quot;,&quot;size&quot;:&quot;&quot;,&quot;sizes&quot;:[]},&quot;_transform_translateY_effect_mobile&quot;:{&quot;unit&quot;:&quot;px&quot;,&quot;size&quot;:&quot;&quot;,&quot;sizes&quot;:[]},&quot;_transform_scale_effect&quot;:{&quot;unit&quot;:&quot;px&quot;,&quot;size&quot;:&quot;&quot;,&quot;sizes&quot;:[]},&quot;_transform_scale_effect_tablet&quot;:{&quot;unit&quot;:&quot;px&quot;,&quot;size&quot;:&quot;&quot;,&quot;sizes&quot;:[]},&quot;_transform_scale_effect_mobile&quot;:{&quot;unit&quot;:&quot;px&quot;,&quot;size&quot;:&quot;&quot;,&quot;sizes&quot;:[]},&quot;_transform_skewX_effect&quot;:{&quot;unit&quot;:&quot;px&quot;,&quot;size&quot;:&quot;&quot;,&quot;sizes&quot;:[]},&quot;_transform_skewX_effect_tablet&quot;:{&quot;unit&quot;:&quot;deg&quot;,&quot;size&quot;:&quot;&quot;,&quot;sizes&quot;:[]},&quot;_transform_skewX_effect_mobile&quot;:{&quot;unit&quot;:&quot;deg&quot;,&quot;size&quot;:&quot;&quot;,&quot;sizes&quot;:[]},&quot;_transform_skewY_effect&quot;:{&quot;unit&quot;:&quot;px&quot;,&quot;size&quot;:&quot;&quot;,&quot;sizes&quot;:[]},&quot;_transform_skewY_effect_tablet&quot;:{&quot;unit&quot;:&quot;deg&quot;,&quot;size&quot;:&quot;&quot;,&quot;sizes&quot;:[]},&quot;_transform_skewY_effect_mobile&quot;:{&quot;unit&quot;:&quot;deg&quot;,&quot;size&quot;:&quot;&quot;,&quot;sizes&quot;:[]}}\">\r\n\t\t\t\t<div class=\"elementor-element elementor-element-3d08d1d4 elementor-widget__width-initial flex-horizontal-align-default flex-horizontal-align-tablet-default flex-horizontal-align-mobile-default flex-vertical-align-default flex-vertical-align-tablet-default flex-vertical-align-mobile-default elementor-invisible elementor-widget elementor-widget-heading\" data-id=\"3d08d1d4\" data-element_type=\"widget\" data-e-type=\"widget\" data-settings=\"{&quot;_animation&quot;:&quot;fadeInUp&quot;}\" data-widget_type=\"heading.default\">\n\t\t\t\t<div class=\"elementor-widget-container\">\n\t\t\t\t\t<h5 class=\"elementor-heading-title elementor-size-default\">Winterlich Wei\u00dfe Kerzen-Eleganz<\/h5>\t\t\t\t<\/div>\n\t\t\t\t<\/div>\n\t\t\t\t<div class=\"elementor-element elementor-element-3ec219fa elementor-widget-divider--view-line flex-horizontal-align-default flex-horizontal-align-tablet-default flex-horizontal-align-mobile-default flex-vertical-align-default flex-vertical-align-tablet-default flex-vertical-align-mobile-default elementor-widget elementor-widget-divider\" data-id=\"3ec219fa\" data-element_type=\"widget\" data-e-type=\"widget\" data-widget_type=\"divider.default\">\n\t\t\t\t<div class=\"elementor-widget-container\">\n\t\t\t\t\t\t\t<div class=\"elementor-divider\">\n\t\t\t<span class=\"elementor-divider-separator\">\n\t\t\t\t\t\t<\/span>\n\t\t<\/div>\n\t\t\t\t\t\t<\/div>\n\t\t\t\t<\/div>\n\t\t\t\t<div class=\"elementor-element elementor-element-57ee0e3f elementor-widget__width-initial elementor-widget-tablet__width-inherit e-transform e-transform e-transform e-transform flex-horizontal-align-default flex-horizontal-align-tablet-default flex-horizontal-align-mobile-default flex-vertical-align-default flex-vertical-align-tablet-default flex-vertical-align-mobile-default elementor-invisible elementor-widget elementor-widget-text-editor\" data-id=\"57ee0e3f\" data-element_type=\"widget\" data-e-type=\"widget\" data-settings=\"{&quot;_animation&quot;:&quot;fadeInUp&quot;,&quot;_transform_rotateZ_effect&quot;:{&quot;unit&quot;:&quot;px&quot;,&quot;size&quot;:&quot;&quot;,&quot;sizes&quot;:[]},&quot;_transform_rotateZ_effect_tablet&quot;:{&quot;unit&quot;:&quot;deg&quot;,&quot;size&quot;:&quot;&quot;,&quot;sizes&quot;:[]},&quot;_transform_rotateZ_effect_mobile&quot;:{&quot;unit&quot;:&quot;deg&quot;,&quot;size&quot;:&quot;&quot;,&quot;sizes&quot;:[]},&quot;_transform_translateX_effect&quot;:{&quot;unit&quot;:&quot;px&quot;,&quot;size&quot;:&quot;&quot;,&quot;sizes&quot;:[]},&quot;_transform_translateX_effect_tablet&quot;:{&quot;unit&quot;:&quot;px&quot;,&quot;size&quot;:&quot;&quot;,&quot;sizes&quot;:[]},&quot;_transform_translateX_effect_mobile&quot;:{&quot;unit&quot;:&quot;px&quot;,&quot;size&quot;:&quot;&quot;,&quot;sizes&quot;:[]},&quot;_transform_translateY_effect&quot;:{&quot;unit&quot;:&quot;px&quot;,&quot;size&quot;:&quot;&quot;,&quot;sizes&quot;:[]},&quot;_transform_translateY_effect_tablet&quot;:{&quot;unit&quot;:&quot;px&quot;,&quot;size&quot;:&quot;&quot;,&quot;sizes&quot;:[]},&quot;_transform_translateY_effect_mobile&quot;:{&quot;unit&quot;:&quot;px&quot;,&quot;size&quot;:&quot;&quot;,&quot;sizes&quot;:[]},&quot;_transform_scale_effect&quot;:{&quot;unit&quot;:&quot;px&quot;,&quot;size&quot;:&quot;&quot;,&quot;sizes&quot;:[]},&quot;_transform_scale_effect_tablet&quot;:{&quot;unit&quot;:&quot;px&quot;,&quot;size&quot;:&quot;&quot;,&quot;sizes&quot;:[]},&quot;_transform_scale_effect_mobile&quot;:{&quot;unit&quot;:&quot;px&quot;,&quot;size&quot;:&quot;&quot;,&quot;sizes&quot;:[]},&quot;_transform_skewX_effect&quot;:{&quot;unit&quot;:&quot;px&quot;,&quot;size&quot;:&quot;&quot;,&quot;sizes&quot;:[]},&quot;_transform_skewX_effect_tablet&quot;:{&quot;unit&quot;:&quot;deg&quot;,&quot;size&quot;:&quot;&quot;,&quot;sizes&quot;:[]},&quot;_transform_skewX_effect_mobile&quot;:{&quot;unit&quot;:&quot;deg&quot;,&quot;size&quot;:&quot;&quot;,&quot;sizes&quot;:[]},&quot;_transform_skewY_effect&quot;:{&quot;unit&quot;:&quot;px&quot;,&quot;size&quot;:&quot;&quot;,&quot;sizes&quot;:[]},&quot;_transform_skewY_effect_tablet&quot;:{&quot;unit&quot;:&quot;deg&quot;,&quot;size&quot;:&quot;&quot;,&quot;sizes&quot;:[]},&quot;_transform_skewY_effect_mobile&quot;:{&quot;unit&quot;:&quot;deg&quot;,&quot;size&quot;:&quot;&quot;,&quot;sizes&quot;:[]}}\" data-widget_type=\"text-editor.default\">\n\t\t\t\t<div class=\"elementor-widget-container\">\n\t\t\t\t\t\t\t\t\t\t\t\t<div class=\"elementor-text-editor elementor-clearfix\">\r\n\t\t\t\t\t\t<p>Malgorzate Pawlowska hat ein winterlich-weihnachtliches, florales Kerzengesteck geschaffen. Die anmutigen Lilienbl\u00fcten bilden auf der Holzscheibe ein blumiges Podest f\u00fcr die wei\u00dfe Kerze. Das Altrosa der Wollkordel und die gesprenkelten Vanda Ocelot Mocha Orchideen verleihen diesem Werkst\u00fcck zarte Farbakzente. Ein edler Ideengeber f\u00fcr unsere Floristen-Community in der Winter- und Weihnachtszeit. | Bild:\u00a0Jhon Koopman<\/p>\t\t\t\t\t\t\t<\/div>\r\n\t\t\t\t\t\t\t\t\t\t<\/div>\n\t\t\t\t<\/div>\n\t\t\t\t<\/div>\n\t\t\t\t<\/div>\n\t\t<div class=\"elementor-element elementor-element-e3d0226 e-con-full thegem-e-con-layout-elementor e-flex e-con e-parent\" data-id=\"e3d0226\" data-element_type=\"container\" data-e-type=\"container\" data-settings=\"{&quot;thegem_container_layout&quot;:&quot;elementor&quot;}\">\r\n\t\t<div class=\"elementor-element elementor-element-6deb327 e-con-full thegem-e-con-layout-elementor e-flex e-con e-child\" data-id=\"6deb327\" data-element_type=\"container\" data-e-type=\"container\" data-settings=\"{&quot;thegem_container_layout&quot;:&quot;elementor&quot;}\">\r\n\t\t\t\t<div class=\"elementor-element elementor-element-8b82c7f elementor-widget__width-initial flex-horizontal-align-default flex-horizontal-align-tablet-default flex-horizontal-align-mobile-default flex-vertical-align-default flex-vertical-align-tablet-default flex-vertical-align-mobile-default elementor-invisible elementor-widget elementor-widget-heading\" data-id=\"8b82c7f\" data-element_type=\"widget\" data-e-type=\"widget\" data-settings=\"{&quot;_animation&quot;:&quot;fadeInUp&quot;}\" data-widget_type=\"heading.default\">\n\t\t\t\t<div class=\"elementor-widget-container\">\n\t\t\t\t\t<h5 class=\"elementor-heading-title elementor-size-default\">Kerzen im warmen \u00abOriginal\u00bb-Trend<\/h5>\t\t\t\t<\/div>\n\t\t\t\t<\/div>\n\t\t\t\t<div class=\"elementor-element elementor-element-73b835c elementor-widget-divider--view-line flex-horizontal-align-default flex-horizontal-align-tablet-default flex-horizontal-align-mobile-default flex-vertical-align-default flex-vertical-align-tablet-default flex-vertical-align-mobile-default elementor-widget elementor-widget-divider\" data-id=\"73b835c\" data-element_type=\"widget\" data-e-type=\"widget\" data-widget_type=\"divider.default\">\n\t\t\t\t<div class=\"elementor-widget-container\">\n\t\t\t\t\t\t\t<div class=\"elementor-divider\">\n\t\t\t<span class=\"elementor-divider-separator\">\n\t\t\t\t\t\t<\/span>\n\t\t<\/div>\n\t\t\t\t\t\t<\/div>\n\t\t\t\t<\/div>\n\t\t\t\t<div class=\"elementor-element elementor-element-4d85736 elementor-widget__width-initial elementor-widget-tablet__width-inherit flex-horizontal-align-default flex-horizontal-align-tablet-default flex-horizontal-align-mobile-default flex-vertical-align-default flex-vertical-align-tablet-default flex-vertical-align-mobile-default elementor-invisible elementor-widget elementor-widget-text-editor\" data-id=\"4d85736\" data-element_type=\"widget\" data-e-type=\"widget\" data-settings=\"{&quot;_animation&quot;:&quot;fadeInUp&quot;}\" data-widget_type=\"text-editor.default\">\n\t\t\t\t<div class=\"elementor-widget-container\">\n\t\t\t\t\t\t\t\t\t\t\t\t<div class=\"elementor-text-editor elementor-clearfix\">\r\n\t\t\t\t\t\t<p>Diana Toma zeigt mit Idee eines Kerzenarrangement eine gef\u00fchlvolle Umsetzung des \u00abOriginal\u00bb-Trends 2024. Die warmen, urspr\u00fcnglichen Farben des Trends verleihen diesem Werkst\u00fcck eine gem\u00fctliche Atmosph\u00e4re, perfekt f\u00fcr die Herbst- und Wintersaison. Das harmonische Zusammenspiel von Orange und Gelb in den Kerzen die mit kunstvoll drapierten Wollkordeln mit Draht dekoriert sind strahlt W\u00e4rme und Behaglichkeit aus.\u00a0\u00a0| Bild: Alex Mateiu<\/p>\t\t\t\t\t\t\t<\/div>\r\n\t\t\t\t\t\t\t\t\t\t<\/div>\n\t\t\t\t<\/div>\n\t\t\t\t<\/div>\n\t\t<div class=\"elementor-element elementor-element-d18ac5d e-con-full thegem-e-con-layout-elementor e-flex e-con e-child\" data-id=\"d18ac5d\" data-element_type=\"container\" data-e-type=\"container\" data-settings=\"{&quot;thegem_container_layout&quot;:&quot;elementor&quot;}\">\r\n\t\t\t\t<div class=\"elementor-element elementor-element-e74120f flex-horizontal-align-default flex-horizontal-align-tablet-default flex-horizontal-align-mobile-default flex-vertical-align-default flex-vertical-align-tablet-default flex-vertical-align-mobile-default elementor-widget elementor-widget-thegem-styledimage\" data-id=\"e74120f\" data-element_type=\"widget\" data-e-type=\"widget\" data-settings=\"{&quot;image&quot;:{&quot;url&quot;:&quot;https:\\\/\\\/www2.lehner-stylit.com\\\/wp-content\\\/uploads\\\/sites\\\/11\\\/2023\\\/11\\\/kerzen-deko-idee.jpg&quot;,&quot;id&quot;:50159,&quot;size&quot;:&quot;&quot;,&quot;alt&quot;:&quot;Kerzen Deko Idee&quot;,&quot;source&quot;:&quot;library&quot;},&quot;image_position&quot;:&quot;right&quot;,&quot;_animation&quot;:&quot;none&quot;,&quot;thegem_elementor_preset&quot;:&quot;default&quot;}\" data-widget_type=\"thegem-styledimage.default\">\n\t\t\t\t<div class=\"elementor-widget-container\">\n\t\t\t\t\t\n<div class=\"styled-image-wrapper\">\n\t\t\t<div class=\"gem-image gem-wrapbox gem-wrapbox-default gem-wrapbox-position-right  \">\n\t\t\t<div class=\"gem-wrapbox-inner \" >\n\t\t\t\t\t\t\t\t\t<img class=\"gem-wrapbox-element img-responsive \"\n\t\t\t\t\t\t src=\"https:\/\/www.lehner-stylit.com\/wp-content\/uploads\/2023\/11\/kerzen-deko-idee.jpg\"\n\t\t\t\t\t\t alt=\"Kerzen Deko Idee\">\n\t\t\t\t\t\t\t\t<\/div>\n\t\t<\/div>\n\t\t<\/div>\n\n\n\t\n\t\t\t\t\t\t<\/div>\n\t\t\t\t<\/div>\n\t\t\t\t<\/div>\n\t\t\t\t<\/div>\n\t\t<div class=\"elementor-element elementor-element-5d2131b e-con-full thegem-e-con-layout-elementor e-flex e-con e-parent\" data-id=\"5d2131b\" data-element_type=\"container\" data-e-type=\"container\" data-settings=\"{&quot;thegem_container_layout&quot;:&quot;elementor&quot;}\">\r\n\t\t<div class=\"elementor-element elementor-element-bfe5951 e-con-full thegem-e-con-layout-elementor e-flex e-con e-child\" data-id=\"bfe5951\" data-element_type=\"container\" data-e-type=\"container\" data-settings=\"{&quot;thegem_container_layout&quot;:&quot;elementor&quot;}\">\r\n\t\t\t\t<div class=\"elementor-element elementor-element-6cd15f1 flex-horizontal-align-default flex-horizontal-align-tablet-default flex-horizontal-align-mobile-default flex-vertical-align-default flex-vertical-align-tablet-default flex-vertical-align-mobile-default elementor-widget elementor-widget-thegem-styledimage\" data-id=\"6cd15f1\" data-element_type=\"widget\" data-e-type=\"widget\" data-settings=\"{&quot;image&quot;:{&quot;url&quot;:&quot;https:\\\/\\\/www2.lehner-stylit.com\\\/wp-content\\\/uploads\\\/sites\\\/11\\\/2023\\\/11\\\/kerzenstaender-4er.jpg&quot;,&quot;id&quot;:50164,&quot;size&quot;:&quot;&quot;,&quot;alt&quot;:&quot;Kerzenst\\u00e4nder mit 4 Kerzen&quot;,&quot;source&quot;:&quot;library&quot;},&quot;_animation&quot;:&quot;none&quot;,&quot;thegem_elementor_preset&quot;:&quot;default&quot;,&quot;image_position&quot;:&quot;left&quot;}\" data-widget_type=\"thegem-styledimage.default\">\n\t\t\t\t<div class=\"elementor-widget-container\">\n\t\t\t\t\t\n<div class=\"styled-image-wrapper\">\n\t\t\t<div class=\"gem-image gem-wrapbox gem-wrapbox-default gem-wrapbox-position-left  \">\n\t\t\t<div class=\"gem-wrapbox-inner \" >\n\t\t\t\t\t\t\t\t\t<img class=\"gem-wrapbox-element img-responsive \"\n\t\t\t\t\t\t src=\"https:\/\/www.lehner-stylit.com\/wp-content\/uploads\/2023\/11\/kerzenstaender-4er.jpg\"\n\t\t\t\t\t\t alt=\"Kerzenst\u00e4nder mit 4 Kerzen\">\n\t\t\t\t\t\t\t\t<\/div>\n\t\t<\/div>\n\t\t<\/div>\n\n\n\t\n\t\t\t\t\t\t<\/div>\n\t\t\t\t<\/div>\n\t\t\t\t<\/div>\n\t\t<div class=\"elementor-element elementor-element-c33f522 e-con-full e-transform e-transform e-transform e-transform thegem-e-con-layout-elementor e-flex e-con e-child\" data-id=\"c33f522\" data-element_type=\"container\" data-e-type=\"container\" data-settings=\"{&quot;thegem_container_layout&quot;:&quot;elementor&quot;,&quot;_transform_rotateZ_effect&quot;:{&quot;unit&quot;:&quot;px&quot;,&quot;size&quot;:&quot;&quot;,&quot;sizes&quot;:[]},&quot;_transform_rotateZ_effect_tablet&quot;:{&quot;unit&quot;:&quot;deg&quot;,&quot;size&quot;:&quot;&quot;,&quot;sizes&quot;:[]},&quot;_transform_rotateZ_effect_mobile&quot;:{&quot;unit&quot;:&quot;deg&quot;,&quot;size&quot;:&quot;&quot;,&quot;sizes&quot;:[]},&quot;_transform_translateX_effect&quot;:{&quot;unit&quot;:&quot;px&quot;,&quot;size&quot;:&quot;&quot;,&quot;sizes&quot;:[]},&quot;_transform_translateX_effect_tablet&quot;:{&quot;unit&quot;:&quot;px&quot;,&quot;size&quot;:&quot;&quot;,&quot;sizes&quot;:[]},&quot;_transform_translateX_effect_mobile&quot;:{&quot;unit&quot;:&quot;px&quot;,&quot;size&quot;:&quot;&quot;,&quot;sizes&quot;:[]},&quot;_transform_translateY_effect&quot;:{&quot;unit&quot;:&quot;px&quot;,&quot;size&quot;:&quot;&quot;,&quot;sizes&quot;:[]},&quot;_transform_translateY_effect_tablet&quot;:{&quot;unit&quot;:&quot;px&quot;,&quot;size&quot;:&quot;&quot;,&quot;sizes&quot;:[]},&quot;_transform_translateY_effect_mobile&quot;:{&quot;unit&quot;:&quot;px&quot;,&quot;size&quot;:&quot;&quot;,&quot;sizes&quot;:[]},&quot;_transform_scale_effect&quot;:{&quot;unit&quot;:&quot;px&quot;,&quot;size&quot;:&quot;&quot;,&quot;sizes&quot;:[]},&quot;_transform_scale_effect_tablet&quot;:{&quot;unit&quot;:&quot;px&quot;,&quot;size&quot;:&quot;&quot;,&quot;sizes&quot;:[]},&quot;_transform_scale_effect_mobile&quot;:{&quot;unit&quot;:&quot;px&quot;,&quot;size&quot;:&quot;&quot;,&quot;sizes&quot;:[]},&quot;_transform_skewX_effect&quot;:{&quot;unit&quot;:&quot;px&quot;,&quot;size&quot;:&quot;&quot;,&quot;sizes&quot;:[]},&quot;_transform_skewX_effect_tablet&quot;:{&quot;unit&quot;:&quot;deg&quot;,&quot;size&quot;:&quot;&quot;,&quot;sizes&quot;:[]},&quot;_transform_skewX_effect_mobile&quot;:{&quot;unit&quot;:&quot;deg&quot;,&quot;size&quot;:&quot;&quot;,&quot;sizes&quot;:[]},&quot;_transform_skewY_effect&quot;:{&quot;unit&quot;:&quot;px&quot;,&quot;size&quot;:&quot;&quot;,&quot;sizes&quot;:[]},&quot;_transform_skewY_effect_tablet&quot;:{&quot;unit&quot;:&quot;deg&quot;,&quot;size&quot;:&quot;&quot;,&quot;sizes&quot;:[]},&quot;_transform_skewY_effect_mobile&quot;:{&quot;unit&quot;:&quot;deg&quot;,&quot;size&quot;:&quot;&quot;,&quot;sizes&quot;:[]}}\">\r\n\t\t\t\t<div class=\"elementor-element elementor-element-801116c elementor-widget__width-initial flex-horizontal-align-default flex-horizontal-align-tablet-default flex-horizontal-align-mobile-default flex-vertical-align-default flex-vertical-align-tablet-default flex-vertical-align-mobile-default elementor-invisible elementor-widget elementor-widget-heading\" data-id=\"801116c\" data-element_type=\"widget\" data-e-type=\"widget\" data-settings=\"{&quot;_animation&quot;:&quot;fadeInUp&quot;}\" data-widget_type=\"heading.default\">\n\t\t\t\t<div class=\"elementor-widget-container\">\n\t\t\t\t\t<h5 class=\"elementor-heading-title elementor-size-default\">Sinnlicher, blumiger Kerzenkranz<\/h5>\t\t\t\t<\/div>\n\t\t\t\t<\/div>\n\t\t\t\t<div class=\"elementor-element elementor-element-8a5bc85 elementor-widget-divider--view-line flex-horizontal-align-default flex-horizontal-align-tablet-default flex-horizontal-align-mobile-default flex-vertical-align-default flex-vertical-align-tablet-default flex-vertical-align-mobile-default elementor-widget elementor-widget-divider\" data-id=\"8a5bc85\" data-element_type=\"widget\" data-e-type=\"widget\" data-widget_type=\"divider.default\">\n\t\t\t\t<div class=\"elementor-widget-container\">\n\t\t\t\t\t\t\t<div class=\"elementor-divider\">\n\t\t\t<span class=\"elementor-divider-separator\">\n\t\t\t\t\t\t<\/span>\n\t\t<\/div>\n\t\t\t\t\t\t<\/div>\n\t\t\t\t<\/div>\n\t\t\t\t<div class=\"elementor-element elementor-element-045cbc1 elementor-widget__width-initial elementor-widget-tablet__width-inherit e-transform e-transform e-transform e-transform flex-horizontal-align-default flex-horizontal-align-tablet-default flex-horizontal-align-mobile-default flex-vertical-align-default flex-vertical-align-tablet-default flex-vertical-align-mobile-default elementor-invisible elementor-widget elementor-widget-text-editor\" data-id=\"045cbc1\" data-element_type=\"widget\" data-e-type=\"widget\" data-settings=\"{&quot;_animation&quot;:&quot;fadeInUp&quot;,&quot;_transform_rotateZ_effect&quot;:{&quot;unit&quot;:&quot;px&quot;,&quot;size&quot;:&quot;&quot;,&quot;sizes&quot;:[]},&quot;_transform_rotateZ_effect_tablet&quot;:{&quot;unit&quot;:&quot;deg&quot;,&quot;size&quot;:&quot;&quot;,&quot;sizes&quot;:[]},&quot;_transform_rotateZ_effect_mobile&quot;:{&quot;unit&quot;:&quot;deg&quot;,&quot;size&quot;:&quot;&quot;,&quot;sizes&quot;:[]},&quot;_transform_translateX_effect&quot;:{&quot;unit&quot;:&quot;px&quot;,&quot;size&quot;:&quot;&quot;,&quot;sizes&quot;:[]},&quot;_transform_translateX_effect_tablet&quot;:{&quot;unit&quot;:&quot;px&quot;,&quot;size&quot;:&quot;&quot;,&quot;sizes&quot;:[]},&quot;_transform_translateX_effect_mobile&quot;:{&quot;unit&quot;:&quot;px&quot;,&quot;size&quot;:&quot;&quot;,&quot;sizes&quot;:[]},&quot;_transform_translateY_effect&quot;:{&quot;unit&quot;:&quot;px&quot;,&quot;size&quot;:&quot;&quot;,&quot;sizes&quot;:[]},&quot;_transform_translateY_effect_tablet&quot;:{&quot;unit&quot;:&quot;px&quot;,&quot;size&quot;:&quot;&quot;,&quot;sizes&quot;:[]},&quot;_transform_translateY_effect_mobile&quot;:{&quot;unit&quot;:&quot;px&quot;,&quot;size&quot;:&quot;&quot;,&quot;sizes&quot;:[]},&quot;_transform_scale_effect&quot;:{&quot;unit&quot;:&quot;px&quot;,&quot;size&quot;:&quot;&quot;,&quot;sizes&quot;:[]},&quot;_transform_scale_effect_tablet&quot;:{&quot;unit&quot;:&quot;px&quot;,&quot;size&quot;:&quot;&quot;,&quot;sizes&quot;:[]},&quot;_transform_scale_effect_mobile&quot;:{&quot;unit&quot;:&quot;px&quot;,&quot;size&quot;:&quot;&quot;,&quot;sizes&quot;:[]},&quot;_transform_skewX_effect&quot;:{&quot;unit&quot;:&quot;px&quot;,&quot;size&quot;:&quot;&quot;,&quot;sizes&quot;:[]},&quot;_transform_skewX_effect_tablet&quot;:{&quot;unit&quot;:&quot;deg&quot;,&quot;size&quot;:&quot;&quot;,&quot;sizes&quot;:[]},&quot;_transform_skewX_effect_mobile&quot;:{&quot;unit&quot;:&quot;deg&quot;,&quot;size&quot;:&quot;&quot;,&quot;sizes&quot;:[]},&quot;_transform_skewY_effect&quot;:{&quot;unit&quot;:&quot;px&quot;,&quot;size&quot;:&quot;&quot;,&quot;sizes&quot;:[]},&quot;_transform_skewY_effect_tablet&quot;:{&quot;unit&quot;:&quot;deg&quot;,&quot;size&quot;:&quot;&quot;,&quot;sizes&quot;:[]},&quot;_transform_skewY_effect_mobile&quot;:{&quot;unit&quot;:&quot;deg&quot;,&quot;size&quot;:&quot;&quot;,&quot;sizes&quot;:[]}}\" data-widget_type=\"text-editor.default\">\n\t\t\t\t<div class=\"elementor-widget-container\">\n\t\t\t\t\t\t\t\t\t\t\t\t<div class=\"elementor-text-editor elementor-clearfix\">\r\n\t\t\t\t\t\t<p>Ein Kerzengesteck in runder Kranzform, perfekt f\u00fcr die Herbst- und Wintersaison als Tischdeko. Die kraftvollen Rott\u00f6ne und der goldene Glanz des Kerzenhalters harmonieren meisterhaft. Die Kordel mit Draht \u00abDochtfaden Glimmer\u00bb, die filigrane rote-gelbe Gloriosa und die gesprenkelten Vanda Orchideen verleihen diesem Werkst\u00fcck von Charline Pritscaloff eine warme und festliche Ausstrahlung.\u00a0\u00a0| Bild: Nata Shilo<\/p>\t\t\t\t\t\t\t<\/div>\r\n\t\t\t\t\t\t\t\t\t\t<\/div>\n\t\t\t\t<\/div>\n\t\t\t\t<\/div>\n\t\t\t\t<\/div>\n\t\t<div class=\"elementor-element elementor-element-a343af6 e-con-full thegem-e-con-layout-elementor e-flex e-con e-parent\" data-id=\"a343af6\" data-element_type=\"container\" data-e-type=\"container\" data-settings=\"{&quot;thegem_container_layout&quot;:&quot;elementor&quot;}\">\r\n\t\t<div class=\"elementor-element elementor-element-f44b3de e-con-full thegem-e-con-layout-elementor e-flex e-con e-child\" data-id=\"f44b3de\" data-element_type=\"container\" data-e-type=\"container\" data-settings=\"{&quot;thegem_container_layout&quot;:&quot;elementor&quot;}\">\r\n\t\t\t\t<div class=\"elementor-element elementor-element-04e8835 elementor-widget__width-initial flex-horizontal-align-default flex-horizontal-align-tablet-default flex-horizontal-align-mobile-default flex-vertical-align-default flex-vertical-align-tablet-default flex-vertical-align-mobile-default elementor-invisible elementor-widget elementor-widget-heading\" data-id=\"04e8835\" data-element_type=\"widget\" data-e-type=\"widget\" data-settings=\"{&quot;_animation&quot;:&quot;fadeInUp&quot;}\" data-widget_type=\"heading.default\">\n\t\t\t\t<div class=\"elementor-widget-container\">\n\t\t\t\t\t<h5 class=\"elementor-heading-title elementor-size-default\">Kerzen-Romantik im Kupferton<\/h5>\t\t\t\t<\/div>\n\t\t\t\t<\/div>\n\t\t\t\t<div class=\"elementor-element elementor-element-d122c91 elementor-widget-divider--view-line flex-horizontal-align-default flex-horizontal-align-tablet-default flex-horizontal-align-mobile-default flex-vertical-align-default flex-vertical-align-tablet-default flex-vertical-align-mobile-default elementor-widget elementor-widget-divider\" data-id=\"d122c91\" data-element_type=\"widget\" data-e-type=\"widget\" data-widget_type=\"divider.default\">\n\t\t\t\t<div class=\"elementor-widget-container\">\n\t\t\t\t\t\t\t<div class=\"elementor-divider\">\n\t\t\t<span class=\"elementor-divider-separator\">\n\t\t\t\t\t\t<\/span>\n\t\t<\/div>\n\t\t\t\t\t\t<\/div>\n\t\t\t\t<\/div>\n\t\t\t\t<div class=\"elementor-element elementor-element-25f3d3e elementor-widget__width-initial elementor-widget-tablet__width-inherit flex-horizontal-align-default flex-horizontal-align-tablet-default flex-horizontal-align-mobile-default flex-vertical-align-default flex-vertical-align-tablet-default flex-vertical-align-mobile-default elementor-invisible elementor-widget elementor-widget-text-editor\" data-id=\"25f3d3e\" data-element_type=\"widget\" data-e-type=\"widget\" data-settings=\"{&quot;_animation&quot;:&quot;fadeInUp&quot;}\" data-widget_type=\"text-editor.default\">\n\t\t\t\t<div class=\"elementor-widget-container\">\n\t\t\t\t\t\t\t\t\t\t\t\t<div class=\"elementor-text-editor elementor-clearfix\">\r\n\t\t\t\t\t\t<p>Dan Xaviers Blumenarrangement mit Kerze strahlt in warmen Farben wie Rosa, Altrosa, Rose und Hellgelb. Das Kupfer-Tablett und das Ger\u00fcst aus der Cappuccino-braunen Draht-Kordel \u00abDochtfaden Glimmer\u00bb verleihen dem Werkst\u00fcck eine edle Atmosph\u00e4re. Ein stilvoller Weg, mit Kerzen zu dekorieren.\u00a0 | Bild:\u00a0Jhon Koopman<\/p>\t\t\t\t\t\t\t<\/div>\r\n\t\t\t\t\t\t\t\t\t\t<\/div>\n\t\t\t\t<\/div>\n\t\t\t\t<\/div>\n\t\t<div class=\"elementor-element elementor-element-6f9a453 e-con-full thegem-e-con-layout-elementor e-flex e-con e-child\" data-id=\"6f9a453\" data-element_type=\"container\" data-e-type=\"container\" data-settings=\"{&quot;thegem_container_layout&quot;:&quot;elementor&quot;}\">\r\n\t\t\t\t<div class=\"elementor-element elementor-element-b73cd3f flex-horizontal-align-default flex-horizontal-align-tablet-default flex-horizontal-align-mobile-default flex-vertical-align-default flex-vertical-align-tablet-default flex-vertical-align-mobile-default elementor-widget elementor-widget-thegem-styledimage\" data-id=\"b73cd3f\" data-element_type=\"widget\" data-e-type=\"widget\" data-settings=\"{&quot;image&quot;:{&quot;url&quot;:&quot;https:\\\/\\\/www2.lehner-stylit.com\\\/wp-content\\\/uploads\\\/sites\\\/11\\\/2023\\\/11\\\/kerze-blumen.jpg&quot;,&quot;id&quot;:50157,&quot;size&quot;:&quot;&quot;,&quot;alt&quot;:&quot;Kerze mit Blumen&quot;,&quot;source&quot;:&quot;library&quot;},&quot;image_position&quot;:&quot;right&quot;,&quot;_animation&quot;:&quot;none&quot;,&quot;thegem_elementor_preset&quot;:&quot;default&quot;}\" data-widget_type=\"thegem-styledimage.default\">\n\t\t\t\t<div class=\"elementor-widget-container\">\n\t\t\t\t\t\n<div class=\"styled-image-wrapper\">\n\t\t\t<div class=\"gem-image gem-wrapbox gem-wrapbox-default gem-wrapbox-position-right  \">\n\t\t\t<div class=\"gem-wrapbox-inner \" >\n\t\t\t\t\t\t\t\t\t<img class=\"gem-wrapbox-element img-responsive \"\n\t\t\t\t\t\t src=\"https:\/\/www.lehner-stylit.com\/wp-content\/uploads\/2023\/11\/kerze-blumen.jpg\"\n\t\t\t\t\t\t alt=\"Kerze mit Blumen\">\n\t\t\t\t\t\t\t\t<\/div>\n\t\t<\/div>\n\t\t<\/div>\n\n\n\t\n\t\t\t\t\t\t<\/div>\n\t\t\t\t<\/div>\n\t\t\t\t<\/div>\n\t\t\t\t<\/div>\n\t\t\t\t<\/div>\n\t\t","protected":false},"excerpt":{"rendered":"<p>Kerzen tauchen mit ihren sanften Flammen unsere Umgebung in ein magisches Licht und schaffen eine Atmosph\u00e4re der Behaglichkeit und Romantik. Wir zeigen dir stimmungsvolle Kerzen-Deko-Ideen f\u00fcr Herbst und Winter. Ob als Tischdeko, Kerzenst\u00e4nder oder als sch\u00f6nes Windlicht: Lass dich von ihrer Magie verzaubern!<\/p>\n","protected":false},"author":14,"featured_media":50153,"comment_status":"closed","ping_status":"closed","sticky":false,"template":"","format":"standard","meta":{"footnotes":""},"categories":[233,234,270],"tags":[220,224],"class_list":{"0":"post-50148","1":"post","2":"type-post","3":"status-publish","4":"format-standard","5":"has-post-thumbnail","7":"category-herbstdekoration","8":"category-winter-und-weihnachtsdekoration","9":"category-x-noindex","10":"tag-kerze","11":"tag-tischschmuck"},"yoast_head":"<!-- This site is optimized with the Yoast SEO plugin v28.3 - https:\/\/yoast.com\/product\/yoast-seo-wordpress\/ -->\n<title>Kerzen Deko Ideen f\u00fcr Herbst und Winter | STYLIT<\/title>\n<meta name=\"description\" content=\"Kerzen Deko Ideen f\u00fcr Floristen im Herbst + Winter. Ob Kerzen Deko im Glas oder der Kerzenleuchter mit 4 Kerzen - Entdecke die Trends.\" \/>\n<meta name=\"robots\" content=\"index, follow, max-snippet:-1, max-image-preview:large, max-video-preview:-1\" \/>\n<link rel=\"canonical\" href=\"https:\/\/www.lehner-stylit.com\/de\/kerzen-deko-ideen-fuer-herbst-und-winter\/\" \/>\n<meta property=\"og:locale\" content=\"de_DE\" \/>\n<meta property=\"og:type\" content=\"article\" \/>\n<meta property=\"og:title\" content=\"Kerzen Deko Ideen f\u00fcr Herbst und Winter | STYLIT\" \/>\n<meta property=\"og:description\" content=\"Kerzen Deko Ideen f\u00fcr Floristen im Herbst + Winter. Ob Kerzen Deko im Glas oder der Kerzenleuchter mit 4 Kerzen - Entdecke die Trends.\" \/>\n<meta property=\"og:url\" content=\"https:\/\/www.lehner-stylit.com\/de\/kerzen-deko-ideen-fuer-herbst-und-winter\/\" \/>\n<meta property=\"og:site_name\" content=\"www.lehner-stylit.com\" \/>\n<meta property=\"article:publisher\" content=\"https:\/\/www.facebook.com\/lehnerstylit\" \/>\n<meta property=\"article:published_time\" content=\"2023-11-23T10:04:53+00:00\" \/>\n<meta property=\"article:modified_time\" content=\"2025-02-20T17:21:48+00:00\" \/>\n<meta property=\"og:image\" content=\"https:\/\/www.lehner-stylit.com\/wp-content\/uploads\/2023\/11\/kerzen-deko-herbst-winter.jpg\" \/>\n\t<meta property=\"og:image:width\" content=\"380\" \/>\n\t<meta property=\"og:image:height\" content=\"580\" \/>\n\t<meta property=\"og:image:type\" content=\"image\/jpeg\" \/>\n<meta name=\"author\" content=\"digital\" \/>\n<meta name=\"twitter:card\" content=\"summary_large_image\" \/>\n<meta name=\"twitter:label1\" content=\"Verfasst von\" \/>\n\t<meta name=\"twitter:data1\" content=\"digital\" \/>\n\t<meta name=\"twitter:label2\" content=\"Gesch\u00e4tzte Lesezeit\" \/>\n\t<meta name=\"twitter:data2\" content=\"4\u00a0Minuten\" \/>\n<script type=\"application\/ld+json\" class=\"yoast-schema-graph\">{\"@context\":\"https:\\\/\\\/schema.org\",\"@graph\":[{\"@type\":\"Article\",\"@id\":\"https:\\\/\\\/www.lehner-stylit.com\\\/kerzen-deko-ideen-fuer-herbst-und-winter\\\/#article\",\"isPartOf\":{\"@id\":\"https:\\\/\\\/www.lehner-stylit.com\\\/kerzen-deko-ideen-fuer-herbst-und-winter\\\/\"},\"author\":{\"name\":\"digital\",\"@id\":\"https:\\\/\\\/www.lehner-stylit.com\\\/de\\\/#\\\/schema\\\/person\\\/d09b6458c889fc489669b805ec91b7e1\"},\"headline\":\"Kerzen Deko Ideen f\u00fcr Herbst und Winter\",\"datePublished\":\"2023-11-23T10:04:53+00:00\",\"dateModified\":\"2025-02-20T17:21:48+00:00\",\"mainEntityOfPage\":{\"@id\":\"https:\\\/\\\/www.lehner-stylit.com\\\/kerzen-deko-ideen-fuer-herbst-und-winter\\\/\"},\"wordCount\":458,\"publisher\":{\"@id\":\"https:\\\/\\\/www.lehner-stylit.com\\\/de\\\/#organization\"},\"image\":{\"@id\":\"https:\\\/\\\/www.lehner-stylit.com\\\/kerzen-deko-ideen-fuer-herbst-und-winter\\\/#primaryimage\"},\"thumbnailUrl\":\"https:\\\/\\\/www.lehner-stylit.com\\\/wp-content\\\/uploads\\\/2023\\\/11\\\/kerzen-deko-herbst-winter.jpg\",\"keywords\":[\"Kerze\",\"Tischschmuck\"],\"articleSection\":[\"06 Herbst\",\"07 Winter + Weihnacht\",\"X NO-INDEX\"],\"inLanguage\":\"de\"},{\"@type\":\"WebPage\",\"@id\":\"https:\\\/\\\/www.lehner-stylit.com\\\/kerzen-deko-ideen-fuer-herbst-und-winter\\\/\",\"url\":\"https:\\\/\\\/www.lehner-stylit.com\\\/kerzen-deko-ideen-fuer-herbst-und-winter\\\/\",\"name\":\"Kerzen Deko Ideen f\u00fcr Herbst und Winter | STYLIT\",\"isPartOf\":{\"@id\":\"https:\\\/\\\/www.lehner-stylit.com\\\/de\\\/#website\"},\"primaryImageOfPage\":{\"@id\":\"https:\\\/\\\/www.lehner-stylit.com\\\/kerzen-deko-ideen-fuer-herbst-und-winter\\\/#primaryimage\"},\"image\":{\"@id\":\"https:\\\/\\\/www.lehner-stylit.com\\\/kerzen-deko-ideen-fuer-herbst-und-winter\\\/#primaryimage\"},\"thumbnailUrl\":\"https:\\\/\\\/www.lehner-stylit.com\\\/wp-content\\\/uploads\\\/2023\\\/11\\\/kerzen-deko-herbst-winter.jpg\",\"datePublished\":\"2023-11-23T10:04:53+00:00\",\"dateModified\":\"2025-02-20T17:21:48+00:00\",\"description\":\"Kerzen Deko Ideen f\u00fcr Floristen im Herbst + Winter. Ob Kerzen Deko im Glas oder der Kerzenleuchter mit 4 Kerzen - Entdecke die Trends.\",\"breadcrumb\":{\"@id\":\"https:\\\/\\\/www.lehner-stylit.com\\\/kerzen-deko-ideen-fuer-herbst-und-winter\\\/#breadcrumb\"},\"inLanguage\":\"de\",\"potentialAction\":[{\"@type\":\"ReadAction\",\"target\":[\"https:\\\/\\\/www.lehner-stylit.com\\\/kerzen-deko-ideen-fuer-herbst-und-winter\\\/\"]}]},{\"@type\":\"ImageObject\",\"inLanguage\":\"de\",\"@id\":\"https:\\\/\\\/www.lehner-stylit.com\\\/kerzen-deko-ideen-fuer-herbst-und-winter\\\/#primaryimage\",\"url\":\"https:\\\/\\\/www.lehner-stylit.com\\\/wp-content\\\/uploads\\\/2023\\\/11\\\/kerzen-deko-herbst-winter.jpg\",\"contentUrl\":\"https:\\\/\\\/www.lehner-stylit.com\\\/wp-content\\\/uploads\\\/2023\\\/11\\\/kerzen-deko-herbst-winter.jpg\",\"width\":380,\"height\":580,\"caption\":\"Kerzendeko Herbst Winter\"},{\"@type\":\"BreadcrumbList\",\"@id\":\"https:\\\/\\\/www.lehner-stylit.com\\\/kerzen-deko-ideen-fuer-herbst-und-winter\\\/#breadcrumb\",\"itemListElement\":[{\"@type\":\"ListItem\",\"position\":1,\"name\":\"Home\",\"item\":\"https:\\\/\\\/www.lehner-stylit.com\\\/de\\\/\"},{\"@type\":\"ListItem\",\"position\":2,\"name\":\"Kerzen Deko Ideen f\u00fcr Herbst und Winter\"}]},{\"@type\":\"WebSite\",\"@id\":\"https:\\\/\\\/www.lehner-stylit.com\\\/de\\\/#website\",\"url\":\"https:\\\/\\\/www.lehner-stylit.com\\\/de\\\/\",\"name\":\"Floristik, Garten, Deko, Basteln \u2764 STYLIT von Lehner Wolle\",\"description\":\"\",\"publisher\":{\"@id\":\"https:\\\/\\\/www.lehner-stylit.com\\\/de\\\/#organization\"},\"potentialAction\":[{\"@type\":\"SearchAction\",\"target\":{\"@type\":\"EntryPoint\",\"urlTemplate\":\"https:\\\/\\\/www.lehner-stylit.com\\\/de\\\/?s={search_term_string}\"},\"query-input\":{\"@type\":\"PropertyValueSpecification\",\"valueRequired\":true,\"valueName\":\"search_term_string\"}}],\"inLanguage\":\"de\"},{\"@type\":\"Organization\",\"@id\":\"https:\\\/\\\/www.lehner-stylit.com\\\/de\\\/#organization\",\"name\":\"STYLIT von Lehner Wolle\",\"url\":\"https:\\\/\\\/www.lehner-stylit.com\\\/de\\\/\",\"logo\":{\"@type\":\"ImageObject\",\"inLanguage\":\"de\",\"@id\":\"https:\\\/\\\/www.lehner-stylit.com\\\/de\\\/#\\\/schema\\\/logo\\\/image\\\/\",\"url\":\"https:\\\/\\\/www.lehner-stylit.com\\\/wp-content\\\/uploads\\\/2024\\\/06\\\/logo-stylit.svg\",\"contentUrl\":\"https:\\\/\\\/www.lehner-stylit.com\\\/wp-content\\\/uploads\\\/2024\\\/06\\\/logo-stylit.svg\",\"width\":109,\"height\":100,\"caption\":\"STYLIT von Lehner Wolle\"},\"image\":{\"@id\":\"https:\\\/\\\/www.lehner-stylit.com\\\/de\\\/#\\\/schema\\\/logo\\\/image\\\/\"},\"sameAs\":[\"https:\\\/\\\/www.facebook.com\\\/lehnerstylit\",\"https:\\\/\\\/www.youtube.com\\\/playlist?list=PLJjo5yD6-BvoeCrCwzWYMMGM6xuvU1pG2\",\"https:\\\/\\\/www.instagram.com\\\/lehnerstylit\\\/\",\"https:\\\/\\\/www.pinterest.de\\\/lehnerstylit\\\/\"]},{\"@type\":\"Person\",\"@id\":\"https:\\\/\\\/www.lehner-stylit.com\\\/de\\\/#\\\/schema\\\/person\\\/d09b6458c889fc489669b805ec91b7e1\",\"name\":\"digital\"}]}<\/script>\n<!-- \/ Yoast SEO plugin. -->","yoast_head_json":{"title":"Kerzen Deko Ideen f\u00fcr Herbst und Winter | STYLIT","description":"Kerzen Deko Ideen f\u00fcr Floristen im Herbst + Winter. Ob Kerzen Deko im Glas oder der Kerzenleuchter mit 4 Kerzen - Entdecke die Trends.","robots":{"index":"index","follow":"follow","max-snippet":"max-snippet:-1","max-image-preview":"max-image-preview:large","max-video-preview":"max-video-preview:-1"},"canonical":"https:\/\/www.lehner-stylit.com\/de\/kerzen-deko-ideen-fuer-herbst-und-winter\/","og_locale":"de_DE","og_type":"article","og_title":"Kerzen Deko Ideen f\u00fcr Herbst und Winter | STYLIT","og_description":"Kerzen Deko Ideen f\u00fcr Floristen im Herbst + Winter. Ob Kerzen Deko im Glas oder der Kerzenleuchter mit 4 Kerzen - Entdecke die Trends.","og_url":"https:\/\/www.lehner-stylit.com\/de\/kerzen-deko-ideen-fuer-herbst-und-winter\/","og_site_name":"www.lehner-stylit.com","article_publisher":"https:\/\/www.facebook.com\/lehnerstylit","article_published_time":"2023-11-23T10:04:53+00:00","article_modified_time":"2025-02-20T17:21:48+00:00","og_image":[{"width":380,"height":580,"url":"https:\/\/www.lehner-stylit.com\/wp-content\/uploads\/2023\/11\/kerzen-deko-herbst-winter.jpg","type":"image\/jpeg"}],"author":"digital","twitter_card":"summary_large_image","twitter_misc":{"Verfasst von":"digital","Gesch\u00e4tzte Lesezeit":"4\u00a0Minuten"},"schema":{"@context":"https:\/\/schema.org","@graph":[{"@type":"Article","@id":"https:\/\/www.lehner-stylit.com\/kerzen-deko-ideen-fuer-herbst-und-winter\/#article","isPartOf":{"@id":"https:\/\/www.lehner-stylit.com\/kerzen-deko-ideen-fuer-herbst-und-winter\/"},"author":{"name":"digital","@id":"https:\/\/www.lehner-stylit.com\/de\/#\/schema\/person\/d09b6458c889fc489669b805ec91b7e1"},"headline":"Kerzen Deko Ideen f\u00fcr Herbst und Winter","datePublished":"2023-11-23T10:04:53+00:00","dateModified":"2025-02-20T17:21:48+00:00","mainEntityOfPage":{"@id":"https:\/\/www.lehner-stylit.com\/kerzen-deko-ideen-fuer-herbst-und-winter\/"},"wordCount":458,"publisher":{"@id":"https:\/\/www.lehner-stylit.com\/de\/#organization"},"image":{"@id":"https:\/\/www.lehner-stylit.com\/kerzen-deko-ideen-fuer-herbst-und-winter\/#primaryimage"},"thumbnailUrl":"https:\/\/www.lehner-stylit.com\/wp-content\/uploads\/2023\/11\/kerzen-deko-herbst-winter.jpg","keywords":["Kerze","Tischschmuck"],"articleSection":["06 Herbst","07 Winter + Weihnacht","X NO-INDEX"],"inLanguage":"de"},{"@type":"WebPage","@id":"https:\/\/www.lehner-stylit.com\/kerzen-deko-ideen-fuer-herbst-und-winter\/","url":"https:\/\/www.lehner-stylit.com\/kerzen-deko-ideen-fuer-herbst-und-winter\/","name":"Kerzen Deko Ideen f\u00fcr Herbst und Winter | STYLIT","isPartOf":{"@id":"https:\/\/www.lehner-stylit.com\/de\/#website"},"primaryImageOfPage":{"@id":"https:\/\/www.lehner-stylit.com\/kerzen-deko-ideen-fuer-herbst-und-winter\/#primaryimage"},"image":{"@id":"https:\/\/www.lehner-stylit.com\/kerzen-deko-ideen-fuer-herbst-und-winter\/#primaryimage"},"thumbnailUrl":"https:\/\/www.lehner-stylit.com\/wp-content\/uploads\/2023\/11\/kerzen-deko-herbst-winter.jpg","datePublished":"2023-11-23T10:04:53+00:00","dateModified":"2025-02-20T17:21:48+00:00","description":"Kerzen Deko Ideen f\u00fcr Floristen im Herbst + Winter. Ob Kerzen Deko im Glas oder der Kerzenleuchter mit 4 Kerzen - Entdecke die Trends.","breadcrumb":{"@id":"https:\/\/www.lehner-stylit.com\/kerzen-deko-ideen-fuer-herbst-und-winter\/#breadcrumb"},"inLanguage":"de","potentialAction":[{"@type":"ReadAction","target":["https:\/\/www.lehner-stylit.com\/kerzen-deko-ideen-fuer-herbst-und-winter\/"]}]},{"@type":"ImageObject","inLanguage":"de","@id":"https:\/\/www.lehner-stylit.com\/kerzen-deko-ideen-fuer-herbst-und-winter\/#primaryimage","url":"https:\/\/www.lehner-stylit.com\/wp-content\/uploads\/2023\/11\/kerzen-deko-herbst-winter.jpg","contentUrl":"https:\/\/www.lehner-stylit.com\/wp-content\/uploads\/2023\/11\/kerzen-deko-herbst-winter.jpg","width":380,"height":580,"caption":"Kerzendeko Herbst Winter"},{"@type":"BreadcrumbList","@id":"https:\/\/www.lehner-stylit.com\/kerzen-deko-ideen-fuer-herbst-und-winter\/#breadcrumb","itemListElement":[{"@type":"ListItem","position":1,"name":"Home","item":"https:\/\/www.lehner-stylit.com\/de\/"},{"@type":"ListItem","position":2,"name":"Kerzen Deko Ideen f\u00fcr Herbst und Winter"}]},{"@type":"WebSite","@id":"https:\/\/www.lehner-stylit.com\/de\/#website","url":"https:\/\/www.lehner-stylit.com\/de\/","name":"Floristik, Garten, Deko, Basteln \u2764 STYLIT von Lehner Wolle","description":"","publisher":{"@id":"https:\/\/www.lehner-stylit.com\/de\/#organization"},"potentialAction":[{"@type":"SearchAction","target":{"@type":"EntryPoint","urlTemplate":"https:\/\/www.lehner-stylit.com\/de\/?s={search_term_string}"},"query-input":{"@type":"PropertyValueSpecification","valueRequired":true,"valueName":"search_term_string"}}],"inLanguage":"de"},{"@type":"Organization","@id":"https:\/\/www.lehner-stylit.com\/de\/#organization","name":"STYLIT von Lehner Wolle","url":"https:\/\/www.lehner-stylit.com\/de\/","logo":{"@type":"ImageObject","inLanguage":"de","@id":"https:\/\/www.lehner-stylit.com\/de\/#\/schema\/logo\/image\/","url":"https:\/\/www.lehner-stylit.com\/wp-content\/uploads\/2024\/06\/logo-stylit.svg","contentUrl":"https:\/\/www.lehner-stylit.com\/wp-content\/uploads\/2024\/06\/logo-stylit.svg","width":109,"height":100,"caption":"STYLIT von Lehner Wolle"},"image":{"@id":"https:\/\/www.lehner-stylit.com\/de\/#\/schema\/logo\/image\/"},"sameAs":["https:\/\/www.facebook.com\/lehnerstylit","https:\/\/www.youtube.com\/playlist?list=PLJjo5yD6-BvoeCrCwzWYMMGM6xuvU1pG2","https:\/\/www.instagram.com\/lehnerstylit\/","https:\/\/www.pinterest.de\/lehnerstylit\/"]},{"@type":"Person","@id":"https:\/\/www.lehner-stylit.com\/de\/#\/schema\/person\/d09b6458c889fc489669b805ec91b7e1","name":"digital"}]}},"menu_order":100,"_links":{"self":[{"href":"https:\/\/www.lehner-stylit.com\/de\/wp-json\/wp\/v2\/posts\/50148","targetHints":{"allow":["GET"]}}],"collection":[{"href":"https:\/\/www.lehner-stylit.com\/de\/wp-json\/wp\/v2\/posts"}],"about":[{"href":"https:\/\/www.lehner-stylit.com\/de\/wp-json\/wp\/v2\/types\/post"}],"author":[{"embeddable":true,"href":"https:\/\/www.lehner-stylit.com\/de\/wp-json\/wp\/v2\/users\/14"}],"replies":[{"embeddable":true,"href":"https:\/\/www.lehner-stylit.com\/de\/wp-json\/wp\/v2\/comments?post=50148"}],"version-history":[{"count":20,"href":"https:\/\/www.lehner-stylit.com\/de\/wp-json\/wp\/v2\/posts\/50148\/revisions"}],"predecessor-version":[{"id":51236,"href":"https:\/\/www.lehner-stylit.com\/de\/wp-json\/wp\/v2\/posts\/50148\/revisions\/51236"}],"wp:featuredmedia":[{"embeddable":true,"href":"https:\/\/www.lehner-stylit.com\/de\/wp-json\/wp\/v2\/media\/50153"}],"wp:attachment":[{"href":"https:\/\/www.lehner-stylit.com\/de\/wp-json\/wp\/v2\/media?parent=50148"}],"wp:term":[{"taxonomy":"category","embeddable":true,"href":"https:\/\/www.lehner-stylit.com\/de\/wp-json\/wp\/v2\/categories?post=50148"},{"taxonomy":"post_tag","embeddable":true,"href":"https:\/\/www.lehner-stylit.com\/de\/wp-json\/wp\/v2\/tags?post=50148"}],"curies":[{"name":"wp","href":"https:\/\/api.w.org\/{rel}","templated":true}]}}