{"id":47502,"date":"2026-08-03T08:06:02","date_gmt":"2026-08-03T06:06:02","guid":{"rendered":"https:\/\/www2.lehner-stylit.com\/weihnachtsdeko-natur-country-christmas-4\/"},"modified":"2026-08-03T08:06:03","modified_gmt":"2026-08-03T06:06:03","slug":"3-deko-ideen-im-sommer","status":"publish","type":"post","link":"https:\/\/www.lehner-stylit.com\/de\/3-deko-ideen-im-sommer\/","title":{"rendered":"3 Deko-Ideen im Sommer"},"content":{"rendered":"\t\t<div data-elementor-type=\"wp-post\" data-elementor-id=\"47502\" class=\"elementor elementor-47502\" data-elementor-post-type=\"post\">\n\t\t\t\t<div class=\"elementor-element elementor-element-b4b5170 thegem-e-con-layout-elementor e-flex e-con-boxed e-con e-parent\" data-id=\"b4b5170\" data-element_type=\"container\" data-e-type=\"container\" data-settings=\"{&quot;thegem_container_layout&quot;:&quot;elementor&quot;}\">\r\n\t\t\t\t\t<div class=\"e-con-inner\">\r\n\t\t\t\t<div class=\"elementor-element elementor-element-2e7c468 uael-heading-align-left elementor-widget__width-initial flex-horizontal-align-default flex-horizontal-align-tablet-default flex-horizontal-align-mobile-default flex-vertical-align-default flex-vertical-align-tablet-default flex-vertical-align-mobile-default elementor-widget elementor-widget-uael-advanced-heading\" data-id=\"2e7c468\" data-element_type=\"widget\" data-e-type=\"widget\" data-widget_type=\"uael-advanced-heading.default\">\n\t\t\t\t<div class=\"elementor-widget-container\">\n\t\t\t\t\t\n\t\t<div class=\"uael-module-content uael-heading-wrapper\">\n\t\t\t\t\t\t<div class=\"uael-module-content uael-separator-parent\">\n\t\t\t\t\t\t\t\t\t\t\t\t\t<div class=\"uael-separator\"><\/div>\n\t\t\t\t\t\t\t<\/div>\n\t\t\t\t\t\t\n\t\t\t<h2 class=\"uael-heading\">\n\t\t\t\t\t\t\t\t\t\t<span class=\"uael-heading-text elementor-inline-editing uael-size--default\" data-elementor-setting-key=\"heading_title\" data-elementor-inline-editing-toolbar=\"basic\">Farbenfrohes Trockenblumen-Arrangement<\/span>\n\t\t\t\t\t\t\t<\/h2>\n\n\t\t\t\n\t\t\t\n\t\t\t\n\t\t\t\t\t\t<\/div>\n\t\t\t\t\t\t<\/div>\n\t\t\t\t<\/div>\n\t\t\t\t<div class=\"elementor-element elementor-element-f78bfc2 elementor-widget__width-initial flex-horizontal-align-default flex-horizontal-align-tablet-default flex-horizontal-align-mobile-default flex-vertical-align-default flex-vertical-align-tablet-default flex-vertical-align-mobile-default elementor-widget elementor-widget-text-editor\" data-id=\"f78bfc2\" data-element_type=\"widget\" data-e-type=\"widget\" data-widget_type=\"text-editor.default\">\n\t\t\t\t<div class=\"elementor-widget-container\">\n\t\t\t\t\t\t\t\t\t\t\t\t<div class=\"elementor-text-editor elementor-clearfix\">\r\n\t\t\t\t\t\t<p>Annette Kamping hat mit unserer <b>Allrounder-Wollkordeln &#8222;Dochtfaden&#8220; <\/b>kreative Farbspiele kreiert. Jedes Werkst\u00fcck besticht durch seine eigene Farbpracht: Gelb, Rosa und T\u00fcrkisblau. Der Clou liegt darin, dass diese kleinen, quadratischen &#8222;Vasen&#8220; in Wirklichkeit einfache Ziegelsteine sind, die geschickt mit der Wollkordel umwickelt wurden.<\/p><p>Durch diese raffinierte Technik erhalten sie ihren besonderen Look. Die Kombination aus <b>lebendigen Farben<\/b> und der t\u00e4uschend echten Vasenoptik verleiht jedem Raum eine frische und stilvolle Atmosph\u00e4re.\u00a0<\/p><p>Bei der Verarbeitung wird der <strong>Wollfaden sorgf\u00e4ltig l\u00e4ngs und quer um den Stein gewickelt<\/strong>. Die Trockenblumen hat Anette geschickt sowohl an der Vorderseite als auch an der R\u00fcckseite des Ziegels direkt in die Woll-Wicklung eingearbeitet, um eine harmonische und lebendige Optik von allen Seiten zu gew\u00e4hrleisten.<\/p><p>Die farbenfrohen Vasen sorgen f\u00fcr das richtige <strong>Sommergef\u00fchl im Schaufenster oder im Laden<\/strong>, wenn sie mit anderen sommerlichen Werkst\u00fccken kombiniert werden: Sieh dir zum Beispiel die <a href=\"https:\/\/www2.lehner-stylit.com\/sommerliche-loops-gestalten\/\">vielf\u00e4ltigen bunten Loops aus Wolle<\/a> an, um ein lebhaftes Ambiente zu schaffen, das deine Kunden begeistern wird.<\/p>\t\t\t\t\t\t\t<\/div>\r\n\t\t\t\t\t\t\t\t\t\t<\/div>\n\t\t\t\t<\/div>\n\t\t\t\t\t<\/div>\n\t\t\t\t<\/div>\n\t\t<div class=\"elementor-element elementor-element-637556b thegem-e-con-layout-elementor e-flex e-con-boxed e-con e-parent\" data-id=\"637556b\" data-element_type=\"container\" data-e-type=\"container\" data-settings=\"{&quot;thegem_container_layout&quot;:&quot;elementor&quot;}\">\r\n\t\t\t\t\t<div class=\"e-con-inner\">\r\n\t\t\t\t<div class=\"elementor-element elementor-element-6206697 flex-horizontal-align-default flex-horizontal-align-tablet-default flex-horizontal-align-mobile-default flex-vertical-align-default flex-vertical-align-tablet-default flex-vertical-align-mobile-default elementor-widget elementor-widget-gallery\" data-id=\"6206697\" data-element_type=\"widget\" data-e-type=\"widget\" data-settings=\"{&quot;gallery_layout&quot;:&quot;masonry&quot;,&quot;columns&quot;:3,&quot;columns_mobile&quot;:2,&quot;lazyload&quot;:&quot;yes&quot;,&quot;columns_tablet&quot;:2,&quot;gap&quot;:{&quot;unit&quot;:&quot;px&quot;,&quot;size&quot;:10,&quot;sizes&quot;:[]},&quot;gap_tablet&quot;:{&quot;unit&quot;:&quot;px&quot;,&quot;size&quot;:10,&quot;sizes&quot;:[]},&quot;gap_mobile&quot;:{&quot;unit&quot;:&quot;px&quot;,&quot;size&quot;:10,&quot;sizes&quot;:[]},&quot;link_to&quot;:&quot;file&quot;,&quot;overlay_background&quot;:&quot;yes&quot;,&quot;content_hover_animation&quot;:&quot;fade-in&quot;}\" data-widget_type=\"gallery.default\">\n\t\t\t\t<div class=\"elementor-widget-container\">\n\t\t\t\t\t\t\t<div class=\"elementor-gallery__container\">\n\t\t\t\t\t\t\t<a class=\"e-gallery-item elementor-gallery-item elementor-animated-content\" href=\"https:\/\/www.lehner-stylit.com\/wp-content\/uploads\/2024\/07\/01-trockenblumen-arrangement_1.jpg\" data-elementor-open-lightbox=\"yes\" data-elementor-lightbox-slideshow=\"6206697\" data-elementor-lightbox-title=\"Trockenblumen Arrangement\" data-e-action-hash=\"#elementor-action%3Aaction%3Dlightbox%26settings%3DeyJpZCI6NDgxMTgsInVybCI6Imh0dHBzOlwvXC93d3cubGVobmVyLXN0eWxpdC5jb21cL3dwLWNvbnRlbnRcL3VwbG9hZHNcLzIwMjRcLzA3XC8wMS10cm9ja2VuYmx1bWVuLWFycmFuZ2VtZW50XzEuanBnIiwic2xpZGVzaG93IjoiNjIwNjY5NyJ9\">\n\t\t\t\t\t<div class=\"e-gallery-image elementor-gallery-item__image\" data-thumbnail=\"https:\/\/www.lehner-stylit.com\/wp-content\/uploads\/2024\/07\/01-trockenblumen-arrangement_1-290x300.jpg\" data-width=\"290\" data-height=\"300\" aria-label=\"Trockenblumen Arrangement\" role=\"img\" ><\/div>\n\t\t\t\t\t\t\t\t\t\t\t<div class=\"elementor-gallery-item__overlay\"><\/div>\n\t\t\t\t\t\t\t\t\t\t\t\t\t\t<\/a>\n\t\t\t\t\t\t\t<a class=\"e-gallery-item elementor-gallery-item elementor-animated-content\" href=\"https:\/\/www.lehner-stylit.com\/wp-content\/uploads\/2024\/07\/02-kordel-detail-orange_2.jpg\" data-elementor-open-lightbox=\"yes\" data-elementor-lightbox-slideshow=\"6206697\" data-elementor-lightbox-title=\"Wollkordel \u00abDochtfaden\u00bb in Korallenrot\" data-e-action-hash=\"#elementor-action%3Aaction%3Dlightbox%26settings%3DeyJpZCI6NDgxMjMsInVybCI6Imh0dHBzOlwvXC93d3cubGVobmVyLXN0eWxpdC5jb21cL3dwLWNvbnRlbnRcL3VwbG9hZHNcLzIwMjRcLzA3XC8wMi1rb3JkZWwtZGV0YWlsLW9yYW5nZV8yLmpwZyIsInNsaWRlc2hvdyI6IjYyMDY2OTcifQ%3D%3D\">\n\t\t\t\t\t<div class=\"e-gallery-image elementor-gallery-item__image\" data-thumbnail=\"https:\/\/www.lehner-stylit.com\/wp-content\/uploads\/2024\/07\/02-kordel-detail-orange_2-290x300.jpg\" data-width=\"290\" data-height=\"300\" aria-label=\"Wollkordel \u00abDochtfaden\u00bb in Korallenrot\" role=\"img\" ><\/div>\n\t\t\t\t\t\t\t\t\t\t\t<div class=\"elementor-gallery-item__overlay\"><\/div>\n\t\t\t\t\t\t\t\t\t\t\t\t\t\t<\/a>\n\t\t\t\t\t\t\t<a class=\"e-gallery-item elementor-gallery-item elementor-animated-content\" href=\"https:\/\/www.lehner-stylit.com\/wp-content\/uploads\/2024\/07\/03-detail-gelb_2.jpg\" data-elementor-open-lightbox=\"yes\" data-elementor-lightbox-slideshow=\"6206697\" data-elementor-lightbox-title=\"Wollkordel \u00abDochtfaden\u00bb in Dottergelb\" data-e-action-hash=\"#elementor-action%3Aaction%3Dlightbox%26settings%3DeyJpZCI6NDgxMjQsInVybCI6Imh0dHBzOlwvXC93d3cubGVobmVyLXN0eWxpdC5jb21cL3dwLWNvbnRlbnRcL3VwbG9hZHNcLzIwMjRcLzA3XC8wMy1kZXRhaWwtZ2VsYl8yLmpwZyIsInNsaWRlc2hvdyI6IjYyMDY2OTcifQ%3D%3D\">\n\t\t\t\t\t<div class=\"e-gallery-image elementor-gallery-item__image\" data-thumbnail=\"https:\/\/www.lehner-stylit.com\/wp-content\/uploads\/2024\/07\/03-detail-gelb_2-290x300.jpg\" data-width=\"290\" data-height=\"300\" aria-label=\"Wollkordel \u00abDochtfaden\u00bb in Dottergelb\" role=\"img\" ><\/div>\n\t\t\t\t\t\t\t\t\t\t\t<div class=\"elementor-gallery-item__overlay\"><\/div>\n\t\t\t\t\t\t\t\t\t\t\t\t\t\t<\/a>\n\t\t\t\t\t<\/div>\n\t\t\t\t\t<\/div>\n\t\t\t\t<\/div>\n\t\t\t\t\t<\/div>\n\t\t\t\t<\/div>\n\t\t<div class=\"elementor-element elementor-element-a916955 thegem-e-con-layout-elementor e-flex e-con-boxed e-con e-parent\" data-id=\"a916955\" data-element_type=\"container\" data-e-type=\"container\" data-settings=\"{&quot;thegem_container_layout&quot;:&quot;elementor&quot;}\">\r\n\t\t\t\t\t<div class=\"e-con-inner\">\r\n\t\t\t\t<div class=\"elementor-element elementor-element-7b9c691 uael-heading-align-left elementor-widget__width-initial flex-horizontal-align-default flex-horizontal-align-tablet-default flex-horizontal-align-mobile-default flex-vertical-align-default flex-vertical-align-tablet-default flex-vertical-align-mobile-default elementor-widget elementor-widget-uael-advanced-heading\" data-id=\"7b9c691\" data-element_type=\"widget\" data-e-type=\"widget\" data-widget_type=\"uael-advanced-heading.default\">\n\t\t\t\t<div class=\"elementor-widget-container\">\n\t\t\t\t\t\n\t\t<div class=\"uael-module-content uael-heading-wrapper\">\n\t\t\t\t\t\t<div class=\"uael-module-content uael-separator-parent\">\n\t\t\t\t\t\t\t\t\t\t\t\t\t<div class=\"uael-separator\"><\/div>\n\t\t\t\t\t\t\t<\/div>\n\t\t\t\t\t\t\n\t\t\t<h2 class=\"uael-heading\">\n\t\t\t\t\t\t\t\t\t\t<span class=\"uael-heading-text elementor-inline-editing uael-size--default\" data-elementor-setting-key=\"heading_title\" data-elementor-inline-editing-toolbar=\"basic\">Sommerliche 60er Zeitreise<\/span>\n\t\t\t\t\t\t\t<\/h2>\n\n\t\t\t\n\t\t\t\n\t\t\t\n\t\t\t\t\t\t<\/div>\n\t\t\t\t\t\t<\/div>\n\t\t\t\t<\/div>\n\t\t\t\t<div class=\"elementor-element elementor-element-18012d9 elementor-widget__width-initial flex-horizontal-align-default flex-horizontal-align-tablet-default flex-horizontal-align-mobile-default flex-vertical-align-default flex-vertical-align-tablet-default flex-vertical-align-mobile-default elementor-widget elementor-widget-text-editor\" data-id=\"18012d9\" data-element_type=\"widget\" data-e-type=\"widget\" data-widget_type=\"text-editor.default\">\n\t\t\t\t<div class=\"elementor-widget-container\">\n\t\t\t\t\t\t\t\t\t\t\t\t<div class=\"elementor-text-editor elementor-clearfix\">\r\n\t\t\t\t\t\t<p>Hier hat Annette eine besondere H\u00e4ngedekoration in Form eines Peace-Zeichens geschaffen. Das nostalgische Design nimmt den Betrachter mit auf eine Zeitreise in die fr\u00f6hliche und friedliche Hippie-\u00c4ra.<\/p><p>Um die gew\u00fcnschte Form zu erreichen, fertigt Annette sie zun\u00e4chst einen <b>Drahtring <\/b>an. Diesen umwickelte sie anschlie\u00dfend mit verschiedenen Materialien.\u00a0<span style=\"text-align: var(--text-align);\">Besondere Strahlkraft hat das Friedenssymbol umwickelt mit unserer <b>STYLIT Filzwolle &#8222;Lunte&#8220; <\/b>in leuchtendem, kr\u00e4ftigen Pink. Die bunte Wolle verleiht der Deko zus\u00e4tzlich eine authentische Retro-\u00c4sthetik.<\/span><\/p><p>Experimentiere auch mit ausgefallenen Materialien wie bunten Dr\u00e4hten, um eine<b> Vielfalt an einzigartigen Peace-Zeichen<\/b> zu gestalten. Kombiniere diese H\u00e4ngedekoration mit weiteren farbenfrohen Werkst\u00fccken, f\u00fcr eine Sommer-Wirkung in deinem Laden. Zum Beispiel mit den bunten, <a href=\"https:\/\/www2.lehner-stylit.com\/affenfaust-knoten-als-bunte-sommer-deko\/\">knubbeligen Affenaust-Knoten aus &#8222;Stylo&#8220;-Wolle<\/a>.\u00a0<\/p>\t\t\t\t\t\t\t<\/div>\r\n\t\t\t\t\t\t\t\t\t\t<\/div>\n\t\t\t\t<\/div>\n\t\t\t\t\t<\/div>\n\t\t\t\t<\/div>\n\t\t<div class=\"elementor-element elementor-element-0e5fbd3 thegem-e-con-layout-elementor e-flex e-con-boxed e-con e-parent\" data-id=\"0e5fbd3\" data-element_type=\"container\" data-e-type=\"container\" data-settings=\"{&quot;thegem_container_layout&quot;:&quot;elementor&quot;}\">\r\n\t\t\t\t\t<div class=\"e-con-inner\">\r\n\t\t\t\t<div class=\"elementor-element elementor-element-b46f281 flex-horizontal-align-default flex-horizontal-align-tablet-default flex-horizontal-align-mobile-default flex-vertical-align-default flex-vertical-align-tablet-default flex-vertical-align-mobile-default elementor-widget elementor-widget-gallery\" data-id=\"b46f281\" data-element_type=\"widget\" data-e-type=\"widget\" data-settings=\"{&quot;gallery_layout&quot;:&quot;masonry&quot;,&quot;columns_mobile&quot;:2,&quot;lazyload&quot;:&quot;yes&quot;,&quot;columns&quot;:4,&quot;columns_tablet&quot;:2,&quot;gap&quot;:{&quot;unit&quot;:&quot;px&quot;,&quot;size&quot;:10,&quot;sizes&quot;:[]},&quot;gap_tablet&quot;:{&quot;unit&quot;:&quot;px&quot;,&quot;size&quot;:10,&quot;sizes&quot;:[]},&quot;gap_mobile&quot;:{&quot;unit&quot;:&quot;px&quot;,&quot;size&quot;:10,&quot;sizes&quot;:[]},&quot;link_to&quot;:&quot;file&quot;,&quot;overlay_background&quot;:&quot;yes&quot;,&quot;content_hover_animation&quot;:&quot;fade-in&quot;}\" data-widget_type=\"gallery.default\">\n\t\t\t\t<div class=\"elementor-widget-container\">\n\t\t\t\t\t\t\t<div class=\"elementor-gallery__container\">\n\t\t\t\t\t\t\t<a class=\"e-gallery-item elementor-gallery-item elementor-animated-content\" href=\"https:\/\/www.lehner-stylit.com\/wp-content\/uploads\/2024\/07\/01-peace-deko.jpg\" data-elementor-open-lightbox=\"yes\" data-elementor-lightbox-slideshow=\"b46f281\" data-elementor-lightbox-title=\"Sommerliche Hippie-Deko\" data-e-action-hash=\"#elementor-action%3Aaction%3Dlightbox%26settings%3DeyJpZCI6NDgxMjgsInVybCI6Imh0dHBzOlwvXC93d3cubGVobmVyLXN0eWxpdC5jb21cL3dwLWNvbnRlbnRcL3VwbG9hZHNcLzIwMjRcLzA3XC8wMS1wZWFjZS1kZWtvLmpwZyIsInNsaWRlc2hvdyI6ImI0NmYyODEifQ%3D%3D\">\n\t\t\t\t\t<div class=\"e-gallery-image elementor-gallery-item__image\" data-thumbnail=\"https:\/\/www.lehner-stylit.com\/wp-content\/uploads\/2024\/07\/01-peace-deko-290x300.jpg\" data-width=\"290\" data-height=\"300\" aria-label=\"Sommerliche Hippie-Deko\" role=\"img\" ><\/div>\n\t\t\t\t\t\t\t\t\t\t\t<div class=\"elementor-gallery-item__overlay\"><\/div>\n\t\t\t\t\t\t\t\t\t\t\t\t\t\t<\/a>\n\t\t\t\t\t\t\t<a class=\"e-gallery-item elementor-gallery-item elementor-animated-content\" href=\"https:\/\/www.lehner-stylit.com\/wp-content\/uploads\/2024\/07\/02-drahtring-peace.jpg\" data-elementor-open-lightbox=\"yes\" data-elementor-lightbox-slideshow=\"b46f281\" data-elementor-lightbox-title=\"Formgebender Drahtring\" data-e-action-hash=\"#elementor-action%3Aaction%3Dlightbox%26settings%3DeyJpZCI6NDgxMjAsInVybCI6Imh0dHBzOlwvXC93d3cubGVobmVyLXN0eWxpdC5jb21cL3dwLWNvbnRlbnRcL3VwbG9hZHNcLzIwMjRcLzA3XC8wMi1kcmFodHJpbmctcGVhY2UuanBnIiwic2xpZGVzaG93IjoiYjQ2ZjI4MSJ9\">\n\t\t\t\t\t<div class=\"e-gallery-image elementor-gallery-item__image\" data-thumbnail=\"https:\/\/www.lehner-stylit.com\/wp-content\/uploads\/2024\/07\/02-drahtring-peace-290x300.jpg\" data-width=\"290\" data-height=\"300\" aria-label=\"Formgebender Drahtring\" role=\"img\" ><\/div>\n\t\t\t\t\t\t\t\t\t\t\t<div class=\"elementor-gallery-item__overlay\"><\/div>\n\t\t\t\t\t\t\t\t\t\t\t\t\t\t<\/a>\n\t\t\t\t\t\t\t<a class=\"e-gallery-item elementor-gallery-item elementor-animated-content\" href=\"https:\/\/www.lehner-stylit.com\/wp-content\/uploads\/2024\/07\/02-filzwolle-pink.jpg\" data-elementor-open-lightbox=\"yes\" data-elementor-lightbox-slideshow=\"b46f281\" data-elementor-lightbox-title=\"Pinkes Peacezeichen\" data-e-action-hash=\"#elementor-action%3Aaction%3Dlightbox%26settings%3DeyJpZCI6NDgxMjEsInVybCI6Imh0dHBzOlwvXC93d3cubGVobmVyLXN0eWxpdC5jb21cL3dwLWNvbnRlbnRcL3VwbG9hZHNcLzIwMjRcLzA3XC8wMi1maWx6d29sbGUtcGluay5qcGciLCJzbGlkZXNob3ciOiJiNDZmMjgxIn0%3D\">\n\t\t\t\t\t<div class=\"e-gallery-image elementor-gallery-item__image\" data-thumbnail=\"https:\/\/www.lehner-stylit.com\/wp-content\/uploads\/2024\/07\/02-filzwolle-pink-290x300.jpg\" data-width=\"290\" data-height=\"300\" aria-label=\"Pinkes Peacezeichen\" role=\"img\" ><\/div>\n\t\t\t\t\t\t\t\t\t\t\t<div class=\"elementor-gallery-item__overlay\"><\/div>\n\t\t\t\t\t\t\t\t\t\t\t\t\t\t<\/a>\n\t\t\t\t\t\t\t<a class=\"e-gallery-item elementor-gallery-item elementor-animated-content\" href=\"https:\/\/www.lehner-stylit.com\/wp-content\/uploads\/2024\/07\/04-pos-gestaltung_1.jpg\" data-elementor-open-lightbox=\"yes\" data-elementor-lightbox-slideshow=\"b46f281\" data-elementor-lightbox-title=\"Schauraum-Gestaltung\" data-e-action-hash=\"#elementor-action%3Aaction%3Dlightbox%26settings%3DeyJpZCI6NDgxMjYsInVybCI6Imh0dHBzOlwvXC93d3cubGVobmVyLXN0eWxpdC5jb21cL3dwLWNvbnRlbnRcL3VwbG9hZHNcLzIwMjRcLzA3XC8wNC1wb3MtZ2VzdGFsdHVuZ18xLmpwZyIsInNsaWRlc2hvdyI6ImI0NmYyODEifQ%3D%3D\">\n\t\t\t\t\t<div class=\"e-gallery-image elementor-gallery-item__image\" data-thumbnail=\"https:\/\/www.lehner-stylit.com\/wp-content\/uploads\/2024\/07\/04-pos-gestaltung_1-290x300.jpg\" data-width=\"290\" data-height=\"300\" aria-label=\"Schauraum-Gestaltung\" role=\"img\" ><\/div>\n\t\t\t\t\t\t\t\t\t\t\t<div class=\"elementor-gallery-item__overlay\"><\/div>\n\t\t\t\t\t\t\t\t\t\t\t\t\t\t<\/a>\n\t\t\t\t\t<\/div>\n\t\t\t\t\t<\/div>\n\t\t\t\t<\/div>\n\t\t\t\t\t<\/div>\n\t\t\t\t<\/div>\n\t\t<div class=\"elementor-element elementor-element-b24ca57 thegem-e-con-layout-elementor e-flex e-con-boxed e-con e-parent\" data-id=\"b24ca57\" data-element_type=\"container\" data-e-type=\"container\" data-settings=\"{&quot;thegem_container_layout&quot;:&quot;elementor&quot;}\">\r\n\t\t\t\t\t<div class=\"e-con-inner\">\r\n\t\t\t\t<div class=\"elementor-element elementor-element-935361a uael-heading-align-left elementor-widget__width-initial flex-horizontal-align-default flex-horizontal-align-tablet-default flex-horizontal-align-mobile-default flex-vertical-align-default flex-vertical-align-tablet-default flex-vertical-align-mobile-default elementor-widget elementor-widget-uael-advanced-heading\" data-id=\"935361a\" data-element_type=\"widget\" data-e-type=\"widget\" data-widget_type=\"uael-advanced-heading.default\">\n\t\t\t\t<div class=\"elementor-widget-container\">\n\t\t\t\t\t\n\t\t<div class=\"uael-module-content uael-heading-wrapper\">\n\t\t\t\t\t\t<div class=\"uael-module-content uael-separator-parent\">\n\t\t\t\t\t\t\t\t\t\t\t\t\t<div class=\"uael-separator\"><\/div>\n\t\t\t\t\t\t\t<\/div>\n\t\t\t\t\t\t\n\t\t\t<h2 class=\"uael-heading\">\n\t\t\t\t\t\t\t\t\t\t<span class=\"uael-heading-text elementor-inline-editing uael-size--default\" data-elementor-setting-key=\"heading_title\" data-elementor-inline-editing-toolbar=\"basic\">Deko-Trend: Geflochtene Filzkr\u00e4nze<\/span>\n\t\t\t\t\t\t\t<\/h2>\n\n\t\t\t\n\t\t\t\n\t\t\t\n\t\t\t\t\t\t<\/div>\n\t\t\t\t\t\t<\/div>\n\t\t\t\t<\/div>\n\t\t\t\t<div class=\"elementor-element elementor-element-b20767a elementor-widget__width-initial flex-horizontal-align-default flex-horizontal-align-tablet-default flex-horizontal-align-mobile-default flex-vertical-align-default flex-vertical-align-tablet-default flex-vertical-align-mobile-default elementor-widget elementor-widget-text-editor\" data-id=\"b20767a\" data-element_type=\"widget\" data-e-type=\"widget\" data-widget_type=\"text-editor.default\">\n\t\t\t\t<div class=\"elementor-widget-container\">\n\t\t\t\t\t\t\t\t\t\t\t\t<div class=\"elementor-text-editor elementor-clearfix\">\r\n\t\t\t\t\t\t<p>Eine weitere,<strong> charmante H\u00e4ngedekoration<\/strong> sind diese Filzringe, die aus der robusten \u00abStylo\u00bb&#8220;-Kordel gefertigt sind und eine abwechslungsreiche Note in die Sommerdekoration bringen. Diese Loops eignen sich besonders <strong>gut f\u00fcr die Gestaltung von Au\u00dfenbereichen<\/strong>, selbst wenn das Wetter einmal nicht mitspielen sollte. Die Stylo-Wolle ist gewalkt, wodurch sie besonders widerstandsf\u00e4hig ist.\u00a0<\/p><p>Die Herstellung dieser H\u00e4ngedekoration ist ganz einfach: Du <strong>flechtest einfach die Wollkordel um einen Metallring<\/strong>. Die Kordel dient nicht nur als Umwicklung, sondern kann auch als praktischer Aufh\u00e4nger f\u00fcr den Ring genutzt werden, wodurch ein harmonisches Gesamtbild entsteht.\u00a0<\/p><p>Mit nur wenigen Handgriffen kannst du diese Dekoration herstellen und sie wird sicherlich ein Blickfang sein. Indem du <strong>mehrere bunte Kr\u00e4nze<\/strong> fertigst und diese mit anderen Sommer-Werkst\u00fccken kombinierst, erschaffst du <strong>eine vielseitige Kulisse, die deine Kunden inspiriert<\/strong>, sei es in deinem Schaufenster oder bei einer Veranstaltung.<\/p>\t\t\t\t\t\t\t<\/div>\r\n\t\t\t\t\t\t\t\t\t\t<\/div>\n\t\t\t\t<\/div>\n\t\t\t\t\t<\/div>\n\t\t\t\t<\/div>\n\t\t<div class=\"elementor-element elementor-element-e5536ac thegem-e-con-layout-elementor e-flex e-con-boxed e-con e-parent\" data-id=\"e5536ac\" data-element_type=\"container\" data-e-type=\"container\" data-settings=\"{&quot;thegem_container_layout&quot;:&quot;elementor&quot;}\">\r\n\t\t\t\t\t<div class=\"e-con-inner\">\r\n\t\t\t\t<div class=\"elementor-element elementor-element-a8a3b1c flex-horizontal-align-default flex-horizontal-align-tablet-default flex-horizontal-align-mobile-default flex-vertical-align-default flex-vertical-align-tablet-default flex-vertical-align-mobile-default elementor-widget elementor-widget-gallery\" data-id=\"a8a3b1c\" data-element_type=\"widget\" data-e-type=\"widget\" data-settings=\"{&quot;gallery_layout&quot;:&quot;masonry&quot;,&quot;columns&quot;:3,&quot;columns_mobile&quot;:2,&quot;lazyload&quot;:&quot;yes&quot;,&quot;columns_tablet&quot;:2,&quot;gap&quot;:{&quot;unit&quot;:&quot;px&quot;,&quot;size&quot;:10,&quot;sizes&quot;:[]},&quot;gap_tablet&quot;:{&quot;unit&quot;:&quot;px&quot;,&quot;size&quot;:10,&quot;sizes&quot;:[]},&quot;gap_mobile&quot;:{&quot;unit&quot;:&quot;px&quot;,&quot;size&quot;:10,&quot;sizes&quot;:[]},&quot;link_to&quot;:&quot;file&quot;,&quot;overlay_background&quot;:&quot;yes&quot;,&quot;content_hover_animation&quot;:&quot;fade-in&quot;}\" data-widget_type=\"gallery.default\">\n\t\t\t\t<div class=\"elementor-widget-container\">\n\t\t\t\t\t\t\t<div class=\"elementor-gallery__container\">\n\t\t\t\t\t\t\t<a class=\"e-gallery-item elementor-gallery-item elementor-animated-content\" href=\"https:\/\/www.lehner-stylit.com\/wp-content\/uploads\/2024\/07\/01-filzkranz-haengedeko.jpg\" data-elementor-open-lightbox=\"yes\" data-elementor-lightbox-slideshow=\"a8a3b1c\" data-elementor-lightbox-title=\"Idee Schauraum- od. Event-Gestaltung\" data-e-action-hash=\"#elementor-action%3Aaction%3Dlightbox%26settings%3DeyJpZCI6NDgxMjcsInVybCI6Imh0dHBzOlwvXC93d3cubGVobmVyLXN0eWxpdC5jb21cL3dwLWNvbnRlbnRcL3VwbG9hZHNcLzIwMjRcLzA3XC8wMS1maWx6a3JhbnotaGFlbmdlZGVrby5qcGciLCJzbGlkZXNob3ciOiJhOGEzYjFjIn0%3D\">\n\t\t\t\t\t<div class=\"e-gallery-image elementor-gallery-item__image\" data-thumbnail=\"https:\/\/www.lehner-stylit.com\/wp-content\/uploads\/2024\/07\/01-filzkranz-haengedeko-290x300.jpg\" data-width=\"290\" data-height=\"300\" aria-label=\"Idee Schauraum- od. Event-Gestaltung\" role=\"img\" ><\/div>\n\t\t\t\t\t\t\t\t\t\t\t<div class=\"elementor-gallery-item__overlay\"><\/div>\n\t\t\t\t\t\t\t\t\t\t\t\t\t\t<\/a>\n\t\t\t\t\t\t\t<a class=\"e-gallery-item elementor-gallery-item elementor-animated-content\" href=\"https:\/\/www.lehner-stylit.com\/wp-content\/uploads\/2024\/07\/02-flechten-filzwolle.jpg\" data-elementor-open-lightbox=\"yes\" data-elementor-lightbox-slideshow=\"a8a3b1c\" data-elementor-lightbox-title=\"Gewalkte &quot;Stylo&quot; Wollkordel\" data-e-action-hash=\"#elementor-action%3Aaction%3Dlightbox%26settings%3DeyJpZCI6NDgxMjIsInVybCI6Imh0dHBzOlwvXC93d3cubGVobmVyLXN0eWxpdC5jb21cL3dwLWNvbnRlbnRcL3VwbG9hZHNcLzIwMjRcLzA3XC8wMi1mbGVjaHRlbi1maWx6d29sbGUuanBnIiwic2xpZGVzaG93IjoiYThhM2IxYyJ9\">\n\t\t\t\t\t<div class=\"e-gallery-image elementor-gallery-item__image\" data-thumbnail=\"https:\/\/www.lehner-stylit.com\/wp-content\/uploads\/2024\/07\/02-flechten-filzwolle-290x300.jpg\" data-width=\"290\" data-height=\"300\" aria-label=\"Gewalkte &quot;Stylo&quot; Wollkordel\" role=\"img\" ><\/div>\n\t\t\t\t\t\t\t\t\t\t\t<div class=\"elementor-gallery-item__overlay\"><\/div>\n\t\t\t\t\t\t\t\t\t\t\t\t\t\t<\/a>\n\t\t\t\t\t\t\t<a class=\"e-gallery-item elementor-gallery-item elementor-animated-content\" href=\"https:\/\/www.lehner-stylit.com\/wp-content\/uploads\/2024\/07\/03-laden-gestaltung.jpg\" data-elementor-open-lightbox=\"yes\" data-elementor-lightbox-slideshow=\"a8a3b1c\" data-elementor-lightbox-title=\"Deko-Trend: Geflochtene Filzkr\u00e4nze\" data-e-action-hash=\"#elementor-action%3Aaction%3Dlightbox%26settings%3DeyJpZCI6NDgxMjUsInVybCI6Imh0dHBzOlwvXC93d3cubGVobmVyLXN0eWxpdC5jb21cL3dwLWNvbnRlbnRcL3VwbG9hZHNcLzIwMjRcLzA3XC8wMy1sYWRlbi1nZXN0YWx0dW5nLmpwZyIsInNsaWRlc2hvdyI6ImE4YTNiMWMifQ%3D%3D\">\n\t\t\t\t\t<div class=\"e-gallery-image elementor-gallery-item__image\" data-thumbnail=\"https:\/\/www.lehner-stylit.com\/wp-content\/uploads\/2024\/07\/03-laden-gestaltung-290x300.jpg\" data-width=\"290\" data-height=\"300\" aria-label=\"Deko-Trend: Geflochtene Filzkr\u00e4nze\" role=\"img\" ><\/div>\n\t\t\t\t\t\t\t\t\t\t\t<div class=\"elementor-gallery-item__overlay\"><\/div>\n\t\t\t\t\t\t\t\t\t\t\t\t\t\t<\/a>\n\t\t\t\t\t<\/div>\n\t\t\t\t\t<\/div>\n\t\t\t\t<\/div>\n\t\t\t\t\t<\/div>\n\t\t\t\t<\/div>\n\t\t<div class=\"elementor-element elementor-element-f549ade thegem-e-con-layout-elementor e-flex e-con-boxed e-con e-parent\" data-id=\"f549ade\" data-element_type=\"container\" data-e-type=\"container\" data-settings=\"{&quot;thegem_container_layout&quot;:&quot;elementor&quot;}\">\r\n\t\t\t\t\t<div class=\"e-con-inner\">\r\n\t\t\t\t<div class=\"elementor-element elementor-element-062d477 uael-heading-align-left elementor-widget__width-initial flex-horizontal-align-default flex-horizontal-align-tablet-default flex-horizontal-align-mobile-default flex-vertical-align-default flex-vertical-align-tablet-default flex-vertical-align-mobile-default elementor-widget elementor-widget-uael-advanced-heading\" data-id=\"062d477\" data-element_type=\"widget\" data-e-type=\"widget\" data-widget_type=\"uael-advanced-heading.default\">\n\t\t\t\t<div class=\"elementor-widget-container\">\n\t\t\t\t\t\n\t\t<div class=\"uael-module-content uael-heading-wrapper\">\n\t\t\t\t\t\t<div class=\"uael-module-content uael-separator-parent\">\n\t\t\t\t\t\t\t\t\t\t\t\t\t<div class=\"uael-separator\"><\/div>\n\t\t\t\t\t\t\t<\/div>\n\t\t\t\t\t\t\n\t\t\t<h2 class=\"uael-heading\">\n\t\t\t\t\t\t\t\t\t\t<span class=\"uael-heading-text elementor-inline-editing uael-size--default\" data-elementor-setting-key=\"heading_title\" data-elementor-inline-editing-toolbar=\"basic\">Designerin<\/span>\n\t\t\t\t\t\t\t<\/h2>\n\n\t\t\t\n\t\t\t\n\t\t\t\n\t\t\t\t\t\t<\/div>\n\t\t\t\t\t\t<\/div>\n\t\t\t\t<\/div>\n\t\t\t\t<div class=\"elementor-element elementor-element-bc27439 elementor-widget__width-initial flex-horizontal-align-default flex-horizontal-align-tablet-default flex-horizontal-align-mobile-default flex-vertical-align-default flex-vertical-align-tablet-default flex-vertical-align-mobile-default elementor-widget elementor-widget-thegem-team\" data-id=\"bc27439\" data-element_type=\"widget\" data-e-type=\"widget\" data-settings=\"{&quot;columns&quot;:&quot;1&quot;,&quot;items_count&quot;:1,&quot;content_team_cat&quot;:[&quot;annette-kamping&quot;],&quot;content_elems_descript&quot;:&quot;yes&quot;,&quot;thegem_elementor_preset&quot;:&quot;2&quot;,&quot;columns_tablet&quot;:&quot;1&quot;,&quot;skin_source&quot;:&quot;default&quot;,&quot;columns_mobile&quot;:1,&quot;content_elems_img&quot;:&quot;yes&quot;,&quot;content_elems_name&quot;:&quot;yes&quot;,&quot;content_elems_social&quot;:&quot;yes&quot;}\" data-widget_type=\"thegem-team.default\">\n\t\t\t\t<div class=\"elementor-widget-container\">\n\t\t\t\t\t\r\n\t\t\t<div class=\"row gem-team gem-team-style-2 \" >\r\n\r\n\t\t\t\t<div class=\"col-md-12 col-sm-12 col-xs-12 thegem-wrap inline-column\">\r\n\r\n\t<div id=\"post-44622\" class=\"team-person bordered-box post-44622 thegem_team_person type-thegem_team_person status-publish has-post-thumbnail\" >\r\n\r\n\t\t<div class=\"team-person-box clearfix team-person-box-columns\">\r\n\r\n\t\t\t\t\t\t\t<div class=\"team-person-box-left\">\r\n\t\t\t\t\t<div class=\"team-person-image\">\r\n\t\t\t\t\t<span><img width=\"240\" height=\"240\" src=\"https:\/\/www.lehner-stylit.com\/wp-content\/uploads\/2024\/07\/annette-kamping-lm-3577-thegem-person-240.png\" class=\"img-responsive wp-post-image\" alt=\"Annette Kamping\" srcset=\"https:\/\/www.lehner-stylit.com\/wp-content\/uploads\/2024\/07\/annette-kamping-lm-3577-thegem-person.png 2x\" sizes=\"100vw\" \/><\/span>\t\t\t\t\t<\/div>\r\n\t\t\t\t<\/div>\r\n\t\t\t\r\n\t\t\t<div class=\"team-person-box-right\">\r\n\r\n\t\t\t\t<div class=\"team-person-info\">\r\n\r\n\t\t\t\t\t\t\t\t\t\t\t<div class=\"team-person-name title-h4\" ><span class=\"light\">Annette Kamping<\/span><\/div>\t\t\t\t\t\r\n\t\t\t\t\t\r\n\t\t\t\t\t\t\t\t\t\t\t<div class=\"team-person-description\"><p>Annette Kamping ist Floristmeisterin mit einer Leidenschaft f\u00fcr Objekt- und Floraldesign. Mit ihrer vielseitigen Expertise verbindet sie Blumen, Pflanzen und unterschiedlichste Materialien auf kreative Weise.<\/p>\n<p><em>&#8222;Ich arbeite gerne mit STYLIT Produkten, weil sie sehr universell sind. Alle Materialien haben ein nat\u00fcrliches und weiches Aussehen und das passt gut zu den Emotionen meiner Blumenarbeiten. Die Produkte sind sehr unterschiedlich, sodass jedes St\u00fcck, das man herstellt, einzigartig ist.&#8220;<\/em><\/p>\n<\/div>\r\n\t\t\t\t\t\r\n\t\t\t\t\t\r\n\t\t\t\t\t\r\n\t\t\t\t<\/div>\r\n\r\n\t\t\t\t\r\n\t\t\t<\/div>\r\n\r\n\t\t\t\r\n\t\t<\/div>\r\n\t<\/div>\r\n\r\n<\/div>\r\n\t\t\t<\/div>\r\n\r\n\t\t\t\t\t\t<\/div>\n\t\t\t\t<\/div>\n\t\t\t\t\t<\/div>\n\t\t\t\t<\/div>\n\t\t\t\t<\/div>\n\t\t","protected":false},"excerpt":{"rendered":"<p>Tritt ein, in die vertr\u00e4umte Weihnachtswelt von Bettina von Hollen. Erlebe traditionellen, handgefertigten Weihnachtsschmuck und weihnachtliche Werkst\u00fccke in den festlichen Farben Rot und Wei\u00df. Mit dem vielseitigen Schafwollfilz \u00abGitti\u00bb und der glitzernden Kordel \u00abDochtfaden Glimmer\u00bb mit Drahtkern verleiht sie der weihnachtlichen Deko einen festlichen Zauber. Hab teil, an den liebevollen Einzelheiten, mit denen Bettina diese Verkaufsfl\u00e4che in ein magisches Weihnachtsland verwandelt hat.<\/p>\n","protected":false},"author":14,"featured_media":47522,"comment_status":"closed","ping_status":"closed","sticky":false,"template":"","format":"standard","meta":{"footnotes":""},"categories":[232,267],"tags":[227,256,224],"class_list":{"0":"post-47502","1":"post","2":"type-post","3":"status-publish","4":"format-standard","5":"has-post-thumbnail","7":"category-sommer-und-gartendeko","8":"category-x-gallery","9":"tag-haengedeko","10":"tag-pos-gestaltung","11":"tag-tischschmuck"},"yoast_head":"<!-- This site is optimized with the Yoast SEO plugin v28.3 - https:\/\/yoast.com\/product\/yoast-seo-wordpress\/ -->\n<title>3 Deko-Ideen im Sommer | STYLIT<\/title>\n<meta name=\"description\" content=\"3 x fr\u00f6hliche Sommerdeko mit bunter Wolle: Trockenblumen-Vase, Peace-Sign und wollige Sommer-Loops entworfen von Designerin Annette Kamping\" \/>\n<meta name=\"robots\" content=\"index, follow, max-snippet:-1, max-image-preview:large, max-video-preview:-1\" \/>\n<link rel=\"canonical\" href=\"https:\/\/www.lehner-stylit.com\/de\/3-deko-ideen-im-sommer\/\" \/>\n<meta property=\"og:locale\" content=\"de_DE\" \/>\n<meta property=\"og:type\" content=\"article\" \/>\n<meta property=\"og:title\" content=\"3 Deko-Ideen im Sommer | STYLIT\" \/>\n<meta property=\"og:description\" content=\"3 x fr\u00f6hliche Sommerdeko mit bunter Wolle: Trockenblumen-Vase, Peace-Sign und wollige Sommer-Loops entworfen von Designerin Annette Kamping\" \/>\n<meta property=\"og:url\" content=\"https:\/\/www.lehner-stylit.com\/de\/3-deko-ideen-im-sommer\/\" \/>\n<meta property=\"og:site_name\" content=\"www.lehner-stylit.com\" \/>\n<meta property=\"article:publisher\" content=\"https:\/\/www.facebook.com\/lehnerstylit\" \/>\n<meta property=\"article:published_time\" content=\"2026-08-03T06:06:02+00:00\" \/>\n<meta property=\"article:modified_time\" content=\"2026-08-03T06:06:03+00:00\" \/>\n<meta property=\"og:image\" content=\"https:\/\/www.lehner-stylit.com\/wp-content\/uploads\/2024\/07\/deko-ideen-sommer.jpg\" \/>\n\t<meta property=\"og:image:width\" content=\"380\" \/>\n\t<meta property=\"og:image:height\" content=\"580\" \/>\n\t<meta property=\"og:image:type\" content=\"image\/jpeg\" \/>\n<meta name=\"author\" content=\"digital\" \/>\n<meta name=\"twitter:card\" content=\"summary_large_image\" \/>\n<meta name=\"twitter:label1\" content=\"Verfasst von\" \/>\n\t<meta name=\"twitter:data1\" content=\"digital\" \/>\n\t<meta name=\"twitter:label2\" content=\"Gesch\u00e4tzte Lesezeit\" \/>\n\t<meta name=\"twitter:data2\" content=\"4\u00a0Minuten\" \/>\n<script type=\"application\/ld+json\" class=\"yoast-schema-graph\">{\"@context\":\"https:\\\/\\\/schema.org\",\"@graph\":[{\"@type\":\"Article\",\"@id\":\"https:\\\/\\\/www.lehner-stylit.com\\\/3-deko-ideen-im-sommer\\\/#article\",\"isPartOf\":{\"@id\":\"https:\\\/\\\/www.lehner-stylit.com\\\/3-deko-ideen-im-sommer\\\/\"},\"author\":{\"name\":\"digital\",\"@id\":\"https:\\\/\\\/www.lehner-stylit.com\\\/de\\\/#\\\/schema\\\/person\\\/d09b6458c889fc489669b805ec91b7e1\"},\"headline\":\"3 Deko-Ideen im Sommer\",\"datePublished\":\"2026-08-03T06:06:02+00:00\",\"dateModified\":\"2026-08-03T06:06:03+00:00\",\"mainEntityOfPage\":{\"@id\":\"https:\\\/\\\/www.lehner-stylit.com\\\/3-deko-ideen-im-sommer\\\/\"},\"wordCount\":522,\"publisher\":{\"@id\":\"https:\\\/\\\/www.lehner-stylit.com\\\/de\\\/#organization\"},\"image\":{\"@id\":\"https:\\\/\\\/www.lehner-stylit.com\\\/3-deko-ideen-im-sommer\\\/#primaryimage\"},\"thumbnailUrl\":\"https:\\\/\\\/www.lehner-stylit.com\\\/wp-content\\\/uploads\\\/2024\\\/07\\\/deko-ideen-sommer.jpg\",\"keywords\":[\"H\u00e4ngedeko\",\"POS-Gestaltung\",\"Tischschmuck\"],\"articleSection\":[\"05 Sommer\",\"X GALLERY\"],\"inLanguage\":\"de\"},{\"@type\":\"WebPage\",\"@id\":\"https:\\\/\\\/www.lehner-stylit.com\\\/3-deko-ideen-im-sommer\\\/\",\"url\":\"https:\\\/\\\/www.lehner-stylit.com\\\/3-deko-ideen-im-sommer\\\/\",\"name\":\"3 Deko-Ideen im Sommer | STYLIT\",\"isPartOf\":{\"@id\":\"https:\\\/\\\/www.lehner-stylit.com\\\/de\\\/#website\"},\"primaryImageOfPage\":{\"@id\":\"https:\\\/\\\/www.lehner-stylit.com\\\/3-deko-ideen-im-sommer\\\/#primaryimage\"},\"image\":{\"@id\":\"https:\\\/\\\/www.lehner-stylit.com\\\/3-deko-ideen-im-sommer\\\/#primaryimage\"},\"thumbnailUrl\":\"https:\\\/\\\/www.lehner-stylit.com\\\/wp-content\\\/uploads\\\/2024\\\/07\\\/deko-ideen-sommer.jpg\",\"datePublished\":\"2026-08-03T06:06:02+00:00\",\"dateModified\":\"2026-08-03T06:06:03+00:00\",\"description\":\"3 x fr\u00f6hliche Sommerdeko mit bunter Wolle: Trockenblumen-Vase, Peace-Sign und wollige Sommer-Loops entworfen von Designerin Annette Kamping\",\"breadcrumb\":{\"@id\":\"https:\\\/\\\/www.lehner-stylit.com\\\/3-deko-ideen-im-sommer\\\/#breadcrumb\"},\"inLanguage\":\"de\",\"potentialAction\":[{\"@type\":\"ReadAction\",\"target\":[\"https:\\\/\\\/www.lehner-stylit.com\\\/3-deko-ideen-im-sommer\\\/\"]}]},{\"@type\":\"ImageObject\",\"inLanguage\":\"de\",\"@id\":\"https:\\\/\\\/www.lehner-stylit.com\\\/3-deko-ideen-im-sommer\\\/#primaryimage\",\"url\":\"https:\\\/\\\/www.lehner-stylit.com\\\/wp-content\\\/uploads\\\/2024\\\/07\\\/deko-ideen-sommer.jpg\",\"contentUrl\":\"https:\\\/\\\/www.lehner-stylit.com\\\/wp-content\\\/uploads\\\/2024\\\/07\\\/deko-ideen-sommer.jpg\",\"width\":380,\"height\":580,\"caption\":\"Deko Ideen Sommer\"},{\"@type\":\"BreadcrumbList\",\"@id\":\"https:\\\/\\\/www.lehner-stylit.com\\\/3-deko-ideen-im-sommer\\\/#breadcrumb\",\"itemListElement\":[{\"@type\":\"ListItem\",\"position\":1,\"name\":\"Home\",\"item\":\"https:\\\/\\\/www.lehner-stylit.com\\\/de\\\/\"},{\"@type\":\"ListItem\",\"position\":2,\"name\":\"3 Deko-Ideen im Sommer\"}]},{\"@type\":\"WebSite\",\"@id\":\"https:\\\/\\\/www.lehner-stylit.com\\\/de\\\/#website\",\"url\":\"https:\\\/\\\/www.lehner-stylit.com\\\/de\\\/\",\"name\":\"Floristik, Garten, Deko, Basteln \u2764 STYLIT von Lehner Wolle\",\"description\":\"\",\"publisher\":{\"@id\":\"https:\\\/\\\/www.lehner-stylit.com\\\/de\\\/#organization\"},\"potentialAction\":[{\"@type\":\"SearchAction\",\"target\":{\"@type\":\"EntryPoint\",\"urlTemplate\":\"https:\\\/\\\/www.lehner-stylit.com\\\/de\\\/?s={search_term_string}\"},\"query-input\":{\"@type\":\"PropertyValueSpecification\",\"valueRequired\":true,\"valueName\":\"search_term_string\"}}],\"inLanguage\":\"de\"},{\"@type\":\"Organization\",\"@id\":\"https:\\\/\\\/www.lehner-stylit.com\\\/de\\\/#organization\",\"name\":\"STYLIT von Lehner Wolle\",\"url\":\"https:\\\/\\\/www.lehner-stylit.com\\\/de\\\/\",\"logo\":{\"@type\":\"ImageObject\",\"inLanguage\":\"de\",\"@id\":\"https:\\\/\\\/www.lehner-stylit.com\\\/de\\\/#\\\/schema\\\/logo\\\/image\\\/\",\"url\":\"https:\\\/\\\/www.lehner-stylit.com\\\/wp-content\\\/uploads\\\/2024\\\/06\\\/logo-stylit.svg\",\"contentUrl\":\"https:\\\/\\\/www.lehner-stylit.com\\\/wp-content\\\/uploads\\\/2024\\\/06\\\/logo-stylit.svg\",\"width\":109,\"height\":100,\"caption\":\"STYLIT von Lehner Wolle\"},\"image\":{\"@id\":\"https:\\\/\\\/www.lehner-stylit.com\\\/de\\\/#\\\/schema\\\/logo\\\/image\\\/\"},\"sameAs\":[\"https:\\\/\\\/www.facebook.com\\\/lehnerstylit\",\"https:\\\/\\\/www.youtube.com\\\/playlist?list=PLJjo5yD6-BvoeCrCwzWYMMGM6xuvU1pG2\",\"https:\\\/\\\/www.instagram.com\\\/lehnerstylit\\\/\",\"https:\\\/\\\/www.pinterest.de\\\/lehnerstylit\\\/\"]},{\"@type\":\"Person\",\"@id\":\"https:\\\/\\\/www.lehner-stylit.com\\\/de\\\/#\\\/schema\\\/person\\\/d09b6458c889fc489669b805ec91b7e1\",\"name\":\"digital\"}]}<\/script>\n<!-- \/ Yoast SEO plugin. -->","yoast_head_json":{"title":"3 Deko-Ideen im Sommer | STYLIT","description":"3 x fr\u00f6hliche Sommerdeko mit bunter Wolle: Trockenblumen-Vase, Peace-Sign und wollige Sommer-Loops entworfen von Designerin Annette Kamping","robots":{"index":"index","follow":"follow","max-snippet":"max-snippet:-1","max-image-preview":"max-image-preview:large","max-video-preview":"max-video-preview:-1"},"canonical":"https:\/\/www.lehner-stylit.com\/de\/3-deko-ideen-im-sommer\/","og_locale":"de_DE","og_type":"article","og_title":"3 Deko-Ideen im Sommer | STYLIT","og_description":"3 x fr\u00f6hliche Sommerdeko mit bunter Wolle: Trockenblumen-Vase, Peace-Sign und wollige Sommer-Loops entworfen von Designerin Annette Kamping","og_url":"https:\/\/www.lehner-stylit.com\/de\/3-deko-ideen-im-sommer\/","og_site_name":"www.lehner-stylit.com","article_publisher":"https:\/\/www.facebook.com\/lehnerstylit","article_published_time":"2026-08-03T06:06:02+00:00","article_modified_time":"2026-08-03T06:06:03+00:00","og_image":[{"width":380,"height":580,"url":"https:\/\/www.lehner-stylit.com\/wp-content\/uploads\/2024\/07\/deko-ideen-sommer.jpg","type":"image\/jpeg"}],"author":"digital","twitter_card":"summary_large_image","twitter_misc":{"Verfasst von":"digital","Gesch\u00e4tzte Lesezeit":"4\u00a0Minuten"},"schema":{"@context":"https:\/\/schema.org","@graph":[{"@type":"Article","@id":"https:\/\/www.lehner-stylit.com\/3-deko-ideen-im-sommer\/#article","isPartOf":{"@id":"https:\/\/www.lehner-stylit.com\/3-deko-ideen-im-sommer\/"},"author":{"name":"digital","@id":"https:\/\/www.lehner-stylit.com\/de\/#\/schema\/person\/d09b6458c889fc489669b805ec91b7e1"},"headline":"3 Deko-Ideen im Sommer","datePublished":"2026-08-03T06:06:02+00:00","dateModified":"2026-08-03T06:06:03+00:00","mainEntityOfPage":{"@id":"https:\/\/www.lehner-stylit.com\/3-deko-ideen-im-sommer\/"},"wordCount":522,"publisher":{"@id":"https:\/\/www.lehner-stylit.com\/de\/#organization"},"image":{"@id":"https:\/\/www.lehner-stylit.com\/3-deko-ideen-im-sommer\/#primaryimage"},"thumbnailUrl":"https:\/\/www.lehner-stylit.com\/wp-content\/uploads\/2024\/07\/deko-ideen-sommer.jpg","keywords":["H\u00e4ngedeko","POS-Gestaltung","Tischschmuck"],"articleSection":["05 Sommer","X GALLERY"],"inLanguage":"de"},{"@type":"WebPage","@id":"https:\/\/www.lehner-stylit.com\/3-deko-ideen-im-sommer\/","url":"https:\/\/www.lehner-stylit.com\/3-deko-ideen-im-sommer\/","name":"3 Deko-Ideen im Sommer | STYLIT","isPartOf":{"@id":"https:\/\/www.lehner-stylit.com\/de\/#website"},"primaryImageOfPage":{"@id":"https:\/\/www.lehner-stylit.com\/3-deko-ideen-im-sommer\/#primaryimage"},"image":{"@id":"https:\/\/www.lehner-stylit.com\/3-deko-ideen-im-sommer\/#primaryimage"},"thumbnailUrl":"https:\/\/www.lehner-stylit.com\/wp-content\/uploads\/2024\/07\/deko-ideen-sommer.jpg","datePublished":"2026-08-03T06:06:02+00:00","dateModified":"2026-08-03T06:06:03+00:00","description":"3 x fr\u00f6hliche Sommerdeko mit bunter Wolle: Trockenblumen-Vase, Peace-Sign und wollige Sommer-Loops entworfen von Designerin Annette Kamping","breadcrumb":{"@id":"https:\/\/www.lehner-stylit.com\/3-deko-ideen-im-sommer\/#breadcrumb"},"inLanguage":"de","potentialAction":[{"@type":"ReadAction","target":["https:\/\/www.lehner-stylit.com\/3-deko-ideen-im-sommer\/"]}]},{"@type":"ImageObject","inLanguage":"de","@id":"https:\/\/www.lehner-stylit.com\/3-deko-ideen-im-sommer\/#primaryimage","url":"https:\/\/www.lehner-stylit.com\/wp-content\/uploads\/2024\/07\/deko-ideen-sommer.jpg","contentUrl":"https:\/\/www.lehner-stylit.com\/wp-content\/uploads\/2024\/07\/deko-ideen-sommer.jpg","width":380,"height":580,"caption":"Deko Ideen Sommer"},{"@type":"BreadcrumbList","@id":"https:\/\/www.lehner-stylit.com\/3-deko-ideen-im-sommer\/#breadcrumb","itemListElement":[{"@type":"ListItem","position":1,"name":"Home","item":"https:\/\/www.lehner-stylit.com\/de\/"},{"@type":"ListItem","position":2,"name":"3 Deko-Ideen im Sommer"}]},{"@type":"WebSite","@id":"https:\/\/www.lehner-stylit.com\/de\/#website","url":"https:\/\/www.lehner-stylit.com\/de\/","name":"Floristik, Garten, Deko, Basteln \u2764 STYLIT von Lehner Wolle","description":"","publisher":{"@id":"https:\/\/www.lehner-stylit.com\/de\/#organization"},"potentialAction":[{"@type":"SearchAction","target":{"@type":"EntryPoint","urlTemplate":"https:\/\/www.lehner-stylit.com\/de\/?s={search_term_string}"},"query-input":{"@type":"PropertyValueSpecification","valueRequired":true,"valueName":"search_term_string"}}],"inLanguage":"de"},{"@type":"Organization","@id":"https:\/\/www.lehner-stylit.com\/de\/#organization","name":"STYLIT von Lehner Wolle","url":"https:\/\/www.lehner-stylit.com\/de\/","logo":{"@type":"ImageObject","inLanguage":"de","@id":"https:\/\/www.lehner-stylit.com\/de\/#\/schema\/logo\/image\/","url":"https:\/\/www.lehner-stylit.com\/wp-content\/uploads\/2024\/06\/logo-stylit.svg","contentUrl":"https:\/\/www.lehner-stylit.com\/wp-content\/uploads\/2024\/06\/logo-stylit.svg","width":109,"height":100,"caption":"STYLIT von Lehner Wolle"},"image":{"@id":"https:\/\/www.lehner-stylit.com\/de\/#\/schema\/logo\/image\/"},"sameAs":["https:\/\/www.facebook.com\/lehnerstylit","https:\/\/www.youtube.com\/playlist?list=PLJjo5yD6-BvoeCrCwzWYMMGM6xuvU1pG2","https:\/\/www.instagram.com\/lehnerstylit\/","https:\/\/www.pinterest.de\/lehnerstylit\/"]},{"@type":"Person","@id":"https:\/\/www.lehner-stylit.com\/de\/#\/schema\/person\/d09b6458c889fc489669b805ec91b7e1","name":"digital"}]}},"menu_order":100,"_links":{"self":[{"href":"https:\/\/www.lehner-stylit.com\/de\/wp-json\/wp\/v2\/posts\/47502","targetHints":{"allow":["GET"]}}],"collection":[{"href":"https:\/\/www.lehner-stylit.com\/de\/wp-json\/wp\/v2\/posts"}],"about":[{"href":"https:\/\/www.lehner-stylit.com\/de\/wp-json\/wp\/v2\/types\/post"}],"author":[{"embeddable":true,"href":"https:\/\/www.lehner-stylit.com\/de\/wp-json\/wp\/v2\/users\/14"}],"replies":[{"embeddable":true,"href":"https:\/\/www.lehner-stylit.com\/de\/wp-json\/wp\/v2\/comments?post=47502"}],"version-history":[{"count":11,"href":"https:\/\/www.lehner-stylit.com\/de\/wp-json\/wp\/v2\/posts\/47502\/revisions"}],"predecessor-version":[{"id":48167,"href":"https:\/\/www.lehner-stylit.com\/de\/wp-json\/wp\/v2\/posts\/47502\/revisions\/48167"}],"wp:featuredmedia":[{"embeddable":true,"href":"https:\/\/www.lehner-stylit.com\/de\/wp-json\/wp\/v2\/media\/47522"}],"wp:attachment":[{"href":"https:\/\/www.lehner-stylit.com\/de\/wp-json\/wp\/v2\/media?parent=47502"}],"wp:term":[{"taxonomy":"category","embeddable":true,"href":"https:\/\/www.lehner-stylit.com\/de\/wp-json\/wp\/v2\/categories?post=47502"},{"taxonomy":"post_tag","embeddable":true,"href":"https:\/\/www.lehner-stylit.com\/de\/wp-json\/wp\/v2\/tags?post=47502"}],"curies":[{"name":"wp","href":"https:\/\/api.w.org\/{rel}","templated":true}]}}